{"id":91,"date":"2019-02-26T00:00:00","date_gmt":"2019-02-25T22:00:00","guid":{"rendered":"https:\/\/www.anofm.ro\/vaslui\/situatia-privind-numarul-persoanelor-incadrate-prin-masura-activa-stimularea-mobilitatii-fortei-de-munca-in-luna-ianuarie-2019\/"},"modified":"2019-02-26T00:00:00","modified_gmt":"2019-02-25T22:00:00","slug":"situatia-privind-numarul-persoanelor-incadrate-prin-masura-activa-stimularea-mobilitatii-fortei-de-munca-in-luna-ianuarie-2019","status":"publish","type":"post","link":"https:\/\/www.anofm.ro\/vaslui\/situatia-privind-numarul-persoanelor-incadrate-prin-masura-activa-stimularea-mobilitatii-fortei-de-munca-in-luna-ianuarie-2019\/","title":{"rendered":"Situa\u0163ia privind num\u0103rul persoanelor \u00eencadrate prin m\u0103sura activ\u0103 stimularea mobilit\u0103\u0163ii for\u0163ei de munc\u0103, in luna IANUARIE 2019"},"content":{"rendered":"<p><a href=\"\/upload\/5245\/Situa%C5%A3ia_privind_num%C4%83rul_persoanelor_%C3%AEncadrate_prin_m%C4%83sura_activ%C4%83_stimularea_mobilit%C4%83%C5%A3ii_for%C5%A3ei_de_munc%C4%83_in_luna_IANUARIE_2019.pdf\">Situa\u0163ia_privind_num\u0103rul_persoanelor_\u00eencadrate_prin_m\u0103sura_activ\u0103_stimularea_mobilit\u0103\u0163ii_for\u0163ei_de_munc\u0103_in_luna_IANUARIE_2019.pdf<\/a> <\/p>\n","protected":false},"excerpt":{"rendered":"<p>Situa\u0163ia_privind_num\u0103rul_persoanelor_\u00eencadrate_prin_m\u0103sura_activ\u0103_stimularea_mobilit\u0103\u0163ii_for\u0163ei_de_munc\u0103_in_luna_IANUARIE_2019.pdf<\/p>\n","protected":false},"author":0,"featured_media":0,"comment_status":"closed","ping_status":"closed","sticky":false,"template":"","format":"standard","meta":{"footnotes":""},"categories":[24],"tags":[],"class_list":["post-91","post","type-post","status-publish","format-standard","hentry","category-statistica-somaj"],"_links":{"self":[{"href":"https:\/\/www.anofm.ro\/vaslui\/wp-json\/wp\/v2\/posts\/91","targetHints":{"allow":["GET"]}}],"collection":[{"href":"https:\/\/www.anofm.ro\/vaslui\/wp-json\/wp\/v2\/posts"}],"about":[{"href":"https:\/\/www.anofm.ro\/vaslui\/wp-json\/wp\/v2\/types\/post"}],"replies":[{"embeddable":true,"href":"https:\/\/www.anofm.ro\/vaslui\/wp-json\/wp\/v2\/comments?post=91"}],"version-history":[{"count":0,"href":"https:\/\/www.anofm.ro\/vaslui\/wp-json\/wp\/v2\/posts\/91\/revisions"}],"wp:attachment":[{"href":"https:\/\/www.anofm.ro\/vaslui\/wp-json\/wp\/v2\/media?parent=91"}],"wp:term":[{"taxonomy":"category","embeddable":true,"href":"https:\/\/www.anofm.ro\/vaslui\/wp-json\/wp\/v2\/categories?post=91"},{"taxonomy":"post_tag","embeddable":true,"href":"https:\/\/www.anofm.ro\/vaslui\/wp-json\/wp\/v2\/tags?post=91"}],"curies":[{"name":"wp","href":"https:\/\/api.w.org\/{rel}","templated":true}]}}