{"id":65,"date":"2021-03-30T00:00:00","date_gmt":"2021-03-29T21:00:00","guid":{"rendered":"https:\/\/www.anofm.ro\/valcea\/programul-neets-in-entrepreneurship-dedicat-tinerilor-cu-varsta-cuprinsa-intre-18-si-29-de-ani\/"},"modified":"2021-03-30T00:00:00","modified_gmt":"2021-03-29T21:00:00","slug":"programul-neets-in-entrepreneurship-dedicat-tinerilor-cu-varsta-cuprinsa-intre-18-si-29-de-ani","status":"publish","type":"post","link":"https:\/\/www.anofm.ro\/valcea\/programul-neets-in-entrepreneurship-dedicat-tinerilor-cu-varsta-cuprinsa-intre-18-si-29-de-ani\/","title":{"rendered":"Programul NEETS In ENTREPRENEURSHIP &#8211; dedicat tinerilor cu varsta cuprinsa intre 18 si 29 de ani"},"content":{"rendered":"<p style=\"text-align: justify\">\u00cen vederea inform\u0103rii tinerilor cu v\u00e2rsta cuprins\u0103 \u00eentre 18 \u0219i 29 de ani, care nu au loc de munc\u0103, nu \u00ee\u0219i<br \/>\ncontinu\u0103 studiile \u0219i nici nu se afl\u0103 \u00eentr-un program de formare<br \/>\nprofesional\u0103, despre oportunit\u0103\u0163ile oferite prin programul interna\u0163ional <b>NEETS In ENTREPRENEURSHIP,<\/b> public\u0103m materialul realizat de Junior Achievement Romania.<\/p>\n<p style=\"text-align: justify\"><b>NEETS In ENTREPRENEURSHIP<\/b> este un program interna\u021bional sus\u021binut financiar prin<i> EEA and Norway Grants Fund for Youth Employment<\/i>,<br \/>\n dedicat tinerilor cu\u00a0 v\u00e2rsta cuprins\u0103 \u00eentre 18 \u0219i 29 de ani, care nu au<br \/>\n un job, nu \u00ee\u0219i continu\u0103 studiile \u0219i nici nu se afl\u0103 \u00eentr-un program de<br \/>\nformare profesional\u0103. <br \/>Programul include traininguri, ateliere de<br \/>\nlucru, webinarii, resurse informa\u021bionale despre profesii,<br \/>\nantreprenoriat, educa\u021bie, oportunit\u0103\u021bi de ucenicie, internship \u0219i<br \/>\nmentorat, practic\u0103 antreprenorial\u0103 \u0219i suport direct pentru deschiderea<br \/>\nunei afaceri. <br \/>Mai multe detalii <b><a href=\"\/upload\/15695\/NEETs_In_Entrepreneurship.pdf\"><span style=\"font-style: italic\">aici<\/span><\/a><\/b><\/p>\n<p><i><b>NOTA: Materialul nu este realizat cu contribu\u0163ia Agen\u0163iei Na\u0163ionale pentru Ocuparea For\u0163ei de Munc\u0103<\/b> <\/i><\/p>\n","protected":false},"excerpt":{"rendered":"<p>program NEETs<\/p>\n","protected":false},"author":0,"featured_media":0,"comment_status":"closed","ping_status":"closed","sticky":false,"template":"","format":"standard","meta":{"footnotes":""},"categories":[16],"tags":[],"class_list":["post-65","post","type-post","status-publish","format-standard","hentry","category-materiale-informative"],"_links":{"self":[{"href":"https:\/\/www.anofm.ro\/valcea\/wp-json\/wp\/v2\/posts\/65","targetHints":{"allow":["GET"]}}],"collection":[{"href":"https:\/\/www.anofm.ro\/valcea\/wp-json\/wp\/v2\/posts"}],"about":[{"href":"https:\/\/www.anofm.ro\/valcea\/wp-json\/wp\/v2\/types\/post"}],"replies":[{"embeddable":true,"href":"https:\/\/www.anofm.ro\/valcea\/wp-json\/wp\/v2\/comments?post=65"}],"version-history":[{"count":0,"href":"https:\/\/www.anofm.ro\/valcea\/wp-json\/wp\/v2\/posts\/65\/revisions"}],"wp:attachment":[{"href":"https:\/\/www.anofm.ro\/valcea\/wp-json\/wp\/v2\/media?parent=65"}],"wp:term":[{"taxonomy":"category","embeddable":true,"href":"https:\/\/www.anofm.ro\/valcea\/wp-json\/wp\/v2\/categories?post=65"},{"taxonomy":"post_tag","embeddable":true,"href":"https:\/\/www.anofm.ro\/valcea\/wp-json\/wp\/v2\/tags?post=65"}],"curies":[{"name":"wp","href":"https:\/\/api.w.org\/{rel}","templated":true}]}}