{"id":6479,"date":"2026-03-11T13:13:47","date_gmt":"2026-03-11T11:13:47","guid":{"rendered":"https:\/\/www.anofm.ro\/valcea\/?p=6479"},"modified":"2026-03-11T13:13:47","modified_gmt":"2026-03-11T11:13:47","slug":"persoane-incadrate-prin-intermediul-ajofm-valcea-in-primele-doua-luni-ale-anului-2026","status":"publish","type":"post","link":"https:\/\/www.anofm.ro\/valcea\/persoane-incadrate-prin-intermediul-ajofm-valcea-in-primele-doua-luni-ale-anului-2026\/","title":{"rendered":"Persoane \u00eencadrate prin intermediul AJOFM V\u00e2lcea, \u00een primele dou\u0103 luni ale anului 2026."},"content":{"rendered":"\n<div class=\"file-list-wrap\"><p class=\"h4\">Documente desc\u0103rcabile<\/p><ul class=\"file-list\">\n<li><a href=\"https:\/\/www.anofm.ro\/valcea\/wp-content\/uploads\/sites\/41\/2026\/03\/Persoane-angajate-in-primele-2-luni-SITE.pdf\" download>Persoane angajate \u00een primele 2 luni ale anului 2026.pdf<\/a><\/li>\n<\/ul><\/div>\n","protected":false},"excerpt":{"rendered":"","protected":false},"author":417,"featured_media":0,"comment_status":"closed","ping_status":"closed","sticky":false,"template":"","format":"standard","meta":{"footnotes":""},"categories":[9],"tags":[],"class_list":["post-6479","post","type-post","status-publish","format-standard","hentry","category-comunicate-de-presa"],"_links":{"self":[{"href":"https:\/\/www.anofm.ro\/valcea\/wp-json\/wp\/v2\/posts\/6479","targetHints":{"allow":["GET"]}}],"collection":[{"href":"https:\/\/www.anofm.ro\/valcea\/wp-json\/wp\/v2\/posts"}],"about":[{"href":"https:\/\/www.anofm.ro\/valcea\/wp-json\/wp\/v2\/types\/post"}],"author":[{"embeddable":true,"href":"https:\/\/www.anofm.ro\/valcea\/wp-json\/wp\/v2\/users\/417"}],"replies":[{"embeddable":true,"href":"https:\/\/www.anofm.ro\/valcea\/wp-json\/wp\/v2\/comments?post=6479"}],"version-history":[{"count":1,"href":"https:\/\/www.anofm.ro\/valcea\/wp-json\/wp\/v2\/posts\/6479\/revisions"}],"predecessor-version":[{"id":6481,"href":"https:\/\/www.anofm.ro\/valcea\/wp-json\/wp\/v2\/posts\/6479\/revisions\/6481"}],"wp:attachment":[{"href":"https:\/\/www.anofm.ro\/valcea\/wp-json\/wp\/v2\/media?parent=6479"}],"wp:term":[{"taxonomy":"category","embeddable":true,"href":"https:\/\/www.anofm.ro\/valcea\/wp-json\/wp\/v2\/categories?post=6479"},{"taxonomy":"post_tag","embeddable":true,"href":"https:\/\/www.anofm.ro\/valcea\/wp-json\/wp\/v2\/tags?post=6479"}],"curies":[{"name":"wp","href":"https:\/\/api.w.org\/{rel}","templated":true}]}}