{"id":55,"date":"2020-08-14T00:00:00","date_gmt":"2020-08-13T21:00:00","guid":{"rendered":"https:\/\/www.anofm.ro\/valcea\/informatii-utile-privind-utilizarea-comunicarii-electronice\/"},"modified":"2020-08-14T00:00:00","modified_gmt":"2020-08-13T21:00:00","slug":"informatii-utile-privind-utilizarea-comunicarii-electronice","status":"publish","type":"post","link":"https:\/\/www.anofm.ro\/valcea\/informatii-utile-privind-utilizarea-comunicarii-electronice\/","title":{"rendered":"Informatii utile privind utilizarea comunicarii electronice"},"content":{"rendered":"<p class=\"MsoNormal\" style=\"text-align:justify;line-height:normal\"><span style=\"font-size:12.0pt;font-family:\">\u00cen contextul<br \/>\nactual, este important sa va proteja\u021bi at\u00e2t pe dumneavoastr\u0103 c\u00e2t \u0219i pe cei din<br \/>\njur \u0219i s\u0103 evita\u021bi\u00a0 zonele aglomerate. Dorim s\u0103 r\u0103m\u00e2nem \u00een leg\u0103tur\u0103<br \/>\npermanent\u0103 cu dumneavoastr\u0103, iar acest lucru este posibil acum \u0219i prin servicii<br \/>\non-line \u0219i comunicare electronic\u0103. <\/span><\/p>\n<p class=\"MsoNormal\" style=\"text-align:justify;line-height:normal\"><span style=\"font-size:12.0pt;font-family:\">Mai jos reg\u0103si\u021bi<br \/>\nmodalit\u0103\u021bile de realizare a comunic\u0103rii electronice \u00eentre beneficiarii<br \/>\ndreptului la indemniza\u0163ia de \u015fomaj, ai m\u0103surilor de stimulare a angajatorilor<br \/>\nfinan\u0163ate din bugetul asigur\u0103rilor pentru \u015fomaj, ai sumelor necesare pentru<br \/>\nplata indemniza\u0163iei acordate ca urmare a reducerii sau \u00eentreruperii temporare a<br \/>\nactivit\u0103\u021bii total sau par\u0163ial ca urmare a efectelor epidemiei COVID-19, precum<br \/>\n\u015fi ai m\u0103surilor active de sprijin imediat pentru angajatorii a c\u0103ror activitate<br \/>\na fost redus\u0103 sau \u00eentrerupt\u0103 total sau par\u0163ial ca urmare a efectelor<br \/>\nr\u0103sp\u00e2ndirii coronavirusului SARS-CoV-2 finan\u0163ate din bugetul asigur\u0103rilor<br \/>\npentru \u015fomaj \u0219i agen\u021biile pentru ocuparea for\u021bei de munc\u0103 jude\u021bene \u0219i a<br \/>\nmuncipiului Bucure\u0219ti.<\/span><\/p>\n<p class=\"MsoNormal\" style=\"text-align:justify;line-height:normal\"><span style=\"font-size:12.0pt;font-family:\">Modalit\u0103\u021bi de<br \/>\ncomunicare electronic\u0103 &#8211; <\/span><span lang=\"FR\"><a href=\"\/upload\/13470\/Anexa_-_Comunicare_electronica_F.pdf\"><span style=\"font-size:12.0pt;font-family:\" lang=\"RO\">descarc\u0103 aici<\/span><\/a><\/span><span style=\"font-size:12.0pt;font-family:\"><\/span><\/p>\n<p class=\"MsoNormal\" style=\"margin-bottom:0cm;margin-bottom:.0001pt;line-height:normal\"><span style=\"font-size:12.0pt;font-family:\">Ghidul privind comunicarea electronic\u0103 poate fi consultat <\/span><span lang=\"FR\"><a href=\"\/upload\/13470\/Ghid_comunicare_prin_email.pdf\"><span style=\"font-size:12.0pt;font-family:\" lang=\"RO\">aici<\/span><\/a><\/span><span style=\"font-size:12.0pt;font-family:\"><\/p>\n<p>Prezentarea schematic\u0103 a pa\u0219ilor de urmat &#8211; <\/span><span lang=\"FR\"><a href=\"\/upload\/13470\/Pasi_comunicare_schema.pdf\"><span style=\"font-size:12.0pt;font-family:\" lang=\"RO\">descarc\u0103 aici<\/span><\/a><\/span><span style=\"font-size:12.0pt;font-family:\"><\/p>\n<p>Adresa e-mail pentru transmiterea documentelor: \u00a0 valcea@anofm.gov.ro<\/span><\/p>\n","protected":false},"excerpt":{"rendered":"<p>Informatii utile privind utilizarea comunicarii electronice<\/p>\n","protected":false},"author":0,"featured_media":0,"comment_status":"closed","ping_status":"closed","sticky":false,"template":"","format":"standard","meta":{"footnotes":""},"categories":[16],"tags":[],"class_list":["post-55","post","type-post","status-publish","format-standard","hentry","category-materiale-informative"],"_links":{"self":[{"href":"https:\/\/www.anofm.ro\/valcea\/wp-json\/wp\/v2\/posts\/55","targetHints":{"allow":["GET"]}}],"collection":[{"href":"https:\/\/www.anofm.ro\/valcea\/wp-json\/wp\/v2\/posts"}],"about":[{"href":"https:\/\/www.anofm.ro\/valcea\/wp-json\/wp\/v2\/types\/post"}],"replies":[{"embeddable":true,"href":"https:\/\/www.anofm.ro\/valcea\/wp-json\/wp\/v2\/comments?post=55"}],"version-history":[{"count":0,"href":"https:\/\/www.anofm.ro\/valcea\/wp-json\/wp\/v2\/posts\/55\/revisions"}],"wp:attachment":[{"href":"https:\/\/www.anofm.ro\/valcea\/wp-json\/wp\/v2\/media?parent=55"}],"wp:term":[{"taxonomy":"category","embeddable":true,"href":"https:\/\/www.anofm.ro\/valcea\/wp-json\/wp\/v2\/categories?post=55"},{"taxonomy":"post_tag","embeddable":true,"href":"https:\/\/www.anofm.ro\/valcea\/wp-json\/wp\/v2\/tags?post=55"}],"curies":[{"name":"wp","href":"https:\/\/api.w.org\/{rel}","templated":true}]}}