{"id":43,"date":"2019-10-31T00:00:00","date_gmt":"2019-10-30T22:00:00","guid":{"rendered":"https:\/\/www.anofm.ro\/valcea\/proiectul-neets-in-entrepreneurship\/"},"modified":"2019-10-31T00:00:00","modified_gmt":"2019-10-30T22:00:00","slug":"proiectul-neets-in-entrepreneurship","status":"publish","type":"post","link":"https:\/\/www.anofm.ro\/valcea\/proiectul-neets-in-entrepreneurship\/","title":{"rendered":"Proiectul NEETs in Entrepreneurship"},"content":{"rendered":"<p><img decoding=\"async\" src=\"https:\/\/www.anofm.ro\/upload\/8352\/poza.png\"><\/p>\n<p>Tinerii care<br \/>\nnu mai sunt la \u0219coal\u0103 \u0219i care nu au un loc de munc\u0103 (NEET) sunt o<br \/>\ncategorie social\u0103 vulnerabil\u0103. Junior Achievement Rom\u00e2nia, al\u0103turi de<br \/>\nparteneri din Belgia, Bulgaria, Italia, Norvegia \u0219i Spania le ofer\u0103<br \/>\nacestora instruire \u0219i suport pentru a deprinde cuno\u0219tin\u021bele \u0219i<br \/>\nabilit\u0103\u021bile necesare pentru a se angaja sau a \u00eencepe o mic\u0103 afacere<br \/>\nproprie.<\/p>\n<p>La nivel na\u021bional, cel pu\u021bin 500 de tineri NEET vor avea<br \/>\nacces la activit\u0103\u021bi pentru inser\u021bie profesional\u0103 si vor participa la<br \/>\ncursuri de dezvoltare a unor afaceri mici sau de familie \u00een domeniul<br \/>\nserviciilor, iar cel pu\u021bin 10% dintre ace\u0219tia \u00ee\u0219i vor deschide o mic\u0103<br \/>\nafacere.\u00a0<\/p>\n<p>Tinerii sunt a\u0219tepta\u021bi s\u0103 se \u00eenscrie la <a href=\"https:\/\/jar.ro\/neet\">https:\/\/jar.ro\/neet\u00a0<\/a><\/p>\n<p>Proiectul<br \/>\n NEETs in Entrepreneurship este finan\u021bat de Islanda, Liechtenstein \u0219i<br \/>\nNorvegia, prin EEA and Norway Grants Fund for Youth Employment. Mai<br \/>\nmulte detalii la <a href=\"https:\/\/neets-entrepreneurship.org\/ro\/\">https:\/\/neets-entrepreneurship.org\/ro\/<\/a><\/p>\n<p><\/p>\n","protected":false},"excerpt":{"rendered":"<p>protectul NEETs<\/p>\n","protected":false},"author":0,"featured_media":0,"comment_status":"closed","ping_status":"closed","sticky":false,"template":"","format":"standard","meta":{"footnotes":""},"categories":[20],"tags":[],"class_list":["post-43","post","type-post","status-publish","format-standard","hentry","category-proiecte"],"_links":{"self":[{"href":"https:\/\/www.anofm.ro\/valcea\/wp-json\/wp\/v2\/posts\/43","targetHints":{"allow":["GET"]}}],"collection":[{"href":"https:\/\/www.anofm.ro\/valcea\/wp-json\/wp\/v2\/posts"}],"about":[{"href":"https:\/\/www.anofm.ro\/valcea\/wp-json\/wp\/v2\/types\/post"}],"replies":[{"embeddable":true,"href":"https:\/\/www.anofm.ro\/valcea\/wp-json\/wp\/v2\/comments?post=43"}],"version-history":[{"count":0,"href":"https:\/\/www.anofm.ro\/valcea\/wp-json\/wp\/v2\/posts\/43\/revisions"}],"wp:attachment":[{"href":"https:\/\/www.anofm.ro\/valcea\/wp-json\/wp\/v2\/media?parent=43"}],"wp:term":[{"taxonomy":"category","embeddable":true,"href":"https:\/\/www.anofm.ro\/valcea\/wp-json\/wp\/v2\/categories?post=43"},{"taxonomy":"post_tag","embeddable":true,"href":"https:\/\/www.anofm.ro\/valcea\/wp-json\/wp\/v2\/tags?post=43"}],"curies":[{"name":"wp","href":"https:\/\/api.w.org\/{rel}","templated":true}]}}