{"id":40,"date":"2019-10-22T00:00:00","date_gmt":"2019-10-21T21:00:00","guid":{"rendered":"https:\/\/www.anofm.ro\/valcea\/facilitarea-insertiei-pe-piata-muncii-a-persoanelor-cu-dizabilitati\/"},"modified":"2019-10-22T00:00:00","modified_gmt":"2019-10-21T21:00:00","slug":"facilitarea-insertiei-pe-piata-muncii-a-persoanelor-cu-dizabilitati","status":"publish","type":"post","link":"https:\/\/www.anofm.ro\/valcea\/facilitarea-insertiei-pe-piata-muncii-a-persoanelor-cu-dizabilitati\/","title":{"rendered":"Facilitarea inser\u021biei pe pia\u021ba muncii a persoanelor cu dizabilit\u0103\u021bi"},"content":{"rendered":"<p>Informare<\/p>\n<\/p>\n<p>   21 Octombrie 2019  <\/p>\n<p>Agen\u021bia Na\u021bional\u0103 pentru Ocuparea For\u021bei de Munc\u0103 este partener \u00een proiectul \u201eFacilitarea inser\u021biei pe pia\u021ba muncii a persoanelor cu dizabilit\u0103\u021bi\u201d, al c\u0103rui beneficiar este Autoritatea Na\u021bional\u0103 pentru Persoanele cu Dizabilit\u0103\u021bi. <\/p>\n<p>Proiectul este cofinan\u021bat din Fondul Social European prin Programul Opera\u021bional Capital Uman 2014 \u2013 2020.<\/p>\n<p>Prin acest proiect, cele dou\u0103 institu\u021bii \u0219i-au propus s\u0103 contribuie la cre\u0219terea \u0219anselor de ocupare a persoanelor cu dizabilit\u0103\u021bi prin asigurarea accesului acestora la mediul fizic, informa\u0163ional \u015fi comunica\u0163ional, \u00een condi\u021bii de egalitate cu celelalte persoane. <\/p>\n<p>Concret, prin intermediul acestui proiect, persoanele cu dizabilit\u0103\u021bi \u00eenregistrate la agen\u021biile teritoriale pentru ocuparea for\u021bei de munc\u0103 pot beneficia de servicii de informare, consiliere, mediere a muncii, acordate \u00een condi\u021biile Legii nr. 76\/2002, actualizat\u0103, privind sistemul asigur\u0103rilor pentru \u0219omaj \u0219i stimularea ocup\u0103rii for\u021bei de munc\u0103, dar \u0219i de vouchere pentru achizi\u021bionarea dispozitivelor asistive corespunz\u0103toare nevoii, la recomandarea medicului specialist. <\/p>\n<p>De asemenea, angajatorii pot beneficia de subven\u021bie pentru \u00eencadrarea persoanelor cu dizabilit\u0103\u021bi.<\/p>\n<\/p>\n<p>Persoanele interesate se pot adresa agen\u021biei teritoriale pentru ocuparea for\u021bei de munc\u0103 \u00een raza c\u0103reia au domicilul sau re\u0219edin\u021ba. Persoan\u0103 de contact AJOFM V\u00e2lcea:  Russu Eduard, telefon: 0350414835, e-mail: ajofm.vl@anofm.gov.ro<\/p>\n<p>Ion Marius N\u0103fliu<\/p>\n<p>Director executiv AJOFM V\u00e2lcea<\/p>\n<p style=\"margin: 0cm 0cm 0pt;text-align: justify;line-height: 115%\"><u><b><span style=\"line-height: 115%;font-family:\" lang=\"PT-BR\">Persoan\u0103 de contact<br \/>\nAJOFM V\u00e2lcea:<span>\u00a0 <\/span><\/span><\/b><\/u><\/p>\n<p><b>Russu Eduard, telefon: 0350414835,<br \/>\ne-mail: ajofm.vl@anofm.gov.ro<\/b><\/p>\n<p><b><a href=\"\/upload\/Buletin_informativ_Mai.docx.pdf\">Buletin_informativ_Mai.docx.pdf<\/a> <br \/><\/b><\/p>\n<p><b><a href=\"\/upload\/Buletin_informativ_IUNIE_2020.pdf\">Buletin_informativ_IUNIE_2020.pdf<\/a> <br \/><\/b><\/p>\n<p><b><a href=\"\/upload\/Buletin_informativ_August_2020.pdf\">Buletin_informativ_August_2020.pdf<\/a> <br \/><\/b><\/p>\n<p><b><a href=\"\/upload\/buletin_informativ_septembrie_2020_1.pdf\">buletin_informativ_septembrie_2020_1.pdf<\/a>  <\/b><\/p>\n<\/p>\n<\/p>\n<div class=\"file-list-wrap\">\n<ul class=\"file-list\">\n<li><a href=\"\/upload2\/V\u00e2lcea\/9045\/Informare_date_de_contact_experti.pdf\" download>Informare_date_de_contact_experti.pdf<\/a><\/li>\n<li><a href=\"\/upload2\/V\u00e2lcea\/9045\/buletin_informativ_nov_2020.pdf\" download>buletin_informativ_nov_2020.pdf<\/a><\/li>\n<li><a href=\"\/upload2\/V\u00e2lcea\/9045\/Comunicat_presa_Iunie_2021_Final.pdf\" download>Comunicat_presa_Iunie_2021_Final.pdf<\/a><\/li>\n<li><a href=\"\/upload2\/V\u00e2lcea\/9045\/Comunicat_presa_Decembrie_2021_Final.docx.pdf\" download>Comunicat_presa_Decembrie_2021_Final.docx.pdf<\/a><\/li>\n<li><a href=\"\/upload2\/V\u00e2lcea\/9045\/Comunicat_de_presa_-_FIPMPD.pdf\" download>Comunicat_de_presa_-_FIPMPD.pdf<\/a><\/li>\n<li><a href=\"\/upload2\/V\u00e2lcea\/9045\/Comunicat_presa_Martie_2022_.pdf\" download>Comunicat_presa_Martie_2022_.pdf<\/a><\/li>\n<li><a href=\"\/upload2\/V\u00e2lcea\/9045\/Buletin_Info_Martie_22_4_FINAL.docx.pdf\" download>Buletin_Info_Martie_22_4_FINAL.docx.pdf<\/a><\/li>\n<li><a href=\"\/upload2\/V\u00e2lcea\/9045\/Comunicat_presa_Iunie_2022.pdf\" download>Comunicat_presa_Iunie_2022.pdf<\/a><\/li>\n<\/ul>\n<\/div>\n","protected":false},"excerpt":{"rendered":"<p>Informare proiect<\/p>\n","protected":false},"author":0,"featured_media":0,"comment_status":"closed","ping_status":"closed","sticky":false,"template":"","format":"standard","meta":{"footnotes":""},"categories":[20],"tags":[],"class_list":["post-40","post","type-post","status-publish","format-standard","hentry","category-proiecte"],"_links":{"self":[{"href":"https:\/\/www.anofm.ro\/valcea\/wp-json\/wp\/v2\/posts\/40","targetHints":{"allow":["GET"]}}],"collection":[{"href":"https:\/\/www.anofm.ro\/valcea\/wp-json\/wp\/v2\/posts"}],"about":[{"href":"https:\/\/www.anofm.ro\/valcea\/wp-json\/wp\/v2\/types\/post"}],"replies":[{"embeddable":true,"href":"https:\/\/www.anofm.ro\/valcea\/wp-json\/wp\/v2\/comments?post=40"}],"version-history":[{"count":0,"href":"https:\/\/www.anofm.ro\/valcea\/wp-json\/wp\/v2\/posts\/40\/revisions"}],"wp:attachment":[{"href":"https:\/\/www.anofm.ro\/valcea\/wp-json\/wp\/v2\/media?parent=40"}],"wp:term":[{"taxonomy":"category","embeddable":true,"href":"https:\/\/www.anofm.ro\/valcea\/wp-json\/wp\/v2\/categories?post=40"},{"taxonomy":"post_tag","embeddable":true,"href":"https:\/\/www.anofm.ro\/valcea\/wp-json\/wp\/v2\/tags?post=40"}],"curies":[{"name":"wp","href":"https:\/\/api.w.org\/{rel}","templated":true}]}}