{"id":129,"date":"2023-03-14T00:00:00","date_gmt":"2023-03-13T22:00:00","guid":{"rendered":"https:\/\/www.anofm.ro\/valcea\/programul-de-ocupare-pentru-tinerii-cu-risc-de-marginalizare-sociala-pentru-anul-2023\/"},"modified":"2023-03-14T00:00:00","modified_gmt":"2023-03-13T22:00:00","slug":"programul-de-ocupare-pentru-tinerii-cu-risc-de-marginalizare-sociala-pentru-anul-2023","status":"publish","type":"post","link":"https:\/\/www.anofm.ro\/valcea\/programul-de-ocupare-pentru-tinerii-cu-risc-de-marginalizare-sociala-pentru-anul-2023\/","title":{"rendered":"Programul de ocupare pentru tinerii cu risc de marginalizare sociala pentru anul 2023"},"content":{"rendered":"<\/p>\n<div>Programul de ocupare pentru tinerii cu risc de marginalizare<br \/>\nsocial\u0103 pentru anul 2023 \u00ee\u015fi propune ca obiectiv general promovarea<br \/>\nparticip\u0103rii pe pia\u0163a muncii a tinerilor cu risc de marginalizare<br \/>\nsocial\u0103.<\/div>\n<div><\/div>\n<div>Obiectivele specifice ale Programului de ocupare pentru tinerii cu risc de\u00a0 marginalizare social\u0103 pentru anul 2023 sunt:<\/div>\n<div>&#8211;<br \/>\n asigurarea acompaniamentului social personalizat de c\u0103tre ANOFM prin<br \/>\nintermediul agen\u0163iilor pentru ocuparea for\u0163ei de munc\u0103 teritoriale, \u00een<br \/>\nbaza unui contract de solidaritate;\u00a0<\/div>\n<div>&#8211; stimularea angajatorilor de inser\u0163ie pentru \u00eencadrarea tinerilor cu risc de marginalizare social\u0103.<\/div>\n<div class=\"file-list-wrap\">\n<ul class=\"file-list\">\n<li><a href=\"\/upload2\/V\u00e2lcea\/25245\/PROGRAM_DE_OCUPARE_PENTRU_TRMS_2023.PDF\" download>PROGRAM_DE_OCUPARE_PENTRU_TRMS_2023.PDF<\/a><\/li>\n<\/ul>\n<\/div>\n","protected":false},"excerpt":{"rendered":"<p>Programul de ocupare pentru tinerii cu risc de marginalizare social\u0103 pentru anul 2023 \u00ee\u015fi propune ca obiectiv general promovarea particip\u0103rii pe pia\u0163a muncii a tinerilor cu risc de marginalizare social\u0103.<\/p>\n","protected":false},"author":0,"featured_media":0,"comment_status":"closed","ping_status":"closed","sticky":false,"template":"","format":"standard","meta":{"footnotes":""},"categories":[19],"tags":[],"class_list":["post-129","post","type-post","status-publish","format-standard","hentry","category-programul-de-ocupare-tineri-cu-risc-de-marginalizare-sociala"],"_links":{"self":[{"href":"https:\/\/www.anofm.ro\/valcea\/wp-json\/wp\/v2\/posts\/129","targetHints":{"allow":["GET"]}}],"collection":[{"href":"https:\/\/www.anofm.ro\/valcea\/wp-json\/wp\/v2\/posts"}],"about":[{"href":"https:\/\/www.anofm.ro\/valcea\/wp-json\/wp\/v2\/types\/post"}],"replies":[{"embeddable":true,"href":"https:\/\/www.anofm.ro\/valcea\/wp-json\/wp\/v2\/comments?post=129"}],"version-history":[{"count":0,"href":"https:\/\/www.anofm.ro\/valcea\/wp-json\/wp\/v2\/posts\/129\/revisions"}],"wp:attachment":[{"href":"https:\/\/www.anofm.ro\/valcea\/wp-json\/wp\/v2\/media?parent=129"}],"wp:term":[{"taxonomy":"category","embeddable":true,"href":"https:\/\/www.anofm.ro\/valcea\/wp-json\/wp\/v2\/categories?post=129"},{"taxonomy":"post_tag","embeddable":true,"href":"https:\/\/www.anofm.ro\/valcea\/wp-json\/wp\/v2\/tags?post=129"}],"curies":[{"name":"wp","href":"https:\/\/api.w.org\/{rel}","templated":true}]}}