{"id":11,"date":"2018-11-12T00:00:00","date_gmt":"2018-11-11T22:00:00","guid":{"rendered":"https:\/\/www.anofm.ro\/valcea\/proiect-pro-acces-rmpd-alternativ-stimularea-mobilitatii-si-subventionarea-locurilor-de-munca-pentru-someri\/"},"modified":"2018-11-12T00:00:00","modified_gmt":"2018-11-11T22:00:00","slug":"proiect-pro-acces-rmpd-alternativ-stimularea-mobilitatii-si-subventionarea-locurilor-de-munca-pentru-someri","status":"publish","type":"post","link":"https:\/\/www.anofm.ro\/valcea\/proiect-pro-acces-rmpd-alternativ-stimularea-mobilitatii-si-subventionarea-locurilor-de-munca-pentru-someri\/","title":{"rendered":"Proiect PRO ACCES RMPD ALTERNATIV &#8211; Stimularea mobilit\u0103\u021bii \u0219i subven\u021bionarea locurilor de munc\u0103 pentru \u0219omeri"},"content":{"rendered":"<\/p>\n<h4>\u00a0<span style=\"font-size:10.5pt;font-family:\">Agen\u021bia<br \/>\nNa\u021bional\u0103 pentru Ocuparea For\u021bei de Munc\u0103 implementeaz\u0103 pe o perioad\u0103 de 36 de<br \/>\nluni, proiectul \u201ePRO ACCES ALTERNATIV RMPD \u2013 Stimularea mobilit\u0103\u021bii \u0219i<br \/>\nsubven\u021bionarea locurilor de munc\u0103 pentru \u0219omeri \u0219i inactivi&#8221;,<br \/>\nPOCU\/279\/3\/13\/125311, cofinan\u021bat din Fondul Social European (FSE) prin<br \/>\nProgramul Opera\u021bional Capital Uman 2014-2020 (POCU).<\/span><\/h4>\n<p style=\"text-align:justify\"><span style=\"font-size:10.5pt;font-family:\">Prin<br \/>\nintermediul acestui proiect, ANOFM \u0219i-a propus s\u0103 sus\u021bin\u0103 financiar, din FSE,<br \/>\nm\u0103surile active acordate de AJOFM \u00een perioada 2014- 2021, pentru \u00eencadrarea a<br \/>\n110.540 de \u0219omeri non-NEETs afla\u021bi \u00een eviden\u021bele acestora (pentru perioada 2014<br \/>\n\u2013 2018 cheltuielile sunt retrospective).<\/span><\/p>\n<p style=\"text-align:justify\"><span style=\"font-size:10.5pt;font-family:\">Obiectivul<br \/>\ngeneral al proiectului \u00eel constituie cre\u0219terea oportunit\u0103\u021bilor \u00eencadr\u0103rii \u00een<br \/>\nmunc\u0103, at\u00e2t a 110.540 \u0219omeri non-NEET, \u00eenregistra\u021bi \u00een eviden\u021bele ANOFM, c\u00e2t \u0219i<br \/>\na persoanelor inactive non-NEET.<\/span><\/p>\n<p style=\"text-align:justify\"><span style=\"font-size:10.5pt;font-family:\">Obiectivele<br \/>\nspecifice ale proiectului prev\u0103d pe de-o parte stimularea ocup\u0103rii \u0219omerilor<br \/>\nnon-NEET prin acordarea unor prime de mobilitate, iar pe de alt\u0103 parte<br \/>\nstimularea ocup\u0103rii \u0219omerilor non-NEET\/persoanelor inactive non-NEET prin<br \/>\nsubven\u021bionarea locurilor de munc\u0103. Subven\u021biile acordate angajatorilor sunt \u00een<br \/>\ncuantum 2.250 lei\/lun\u0103\/persoan\u0103 \u00eencadrat\u0103 \u00een munc\u0103.<\/span><\/p>\n<p style=\"text-align:justify\"><span style=\"font-size:10.5pt;font-family:\">Proiectul<br \/>\nva fi implementat cu sprijinul AJOFM din cele 7 regiuni eligibile conform<br \/>\ncererii de finan\u021bare, respectiv Centru, Nord-Est, Nord-Vest, Sud-Muntenia,<br \/>\nSud-Est, Sud-Vest Oltenia \u0219i Vest.<\/span><\/p>\n<p style=\"text-align:justify\"><span style=\"font-size:10.5pt;font-family:\">Bugetul<br \/>\nproiectului fiind de aproximativ 265.359.153,25 de euro (1.220.386.745,84 lei)<br \/>\ndin care aprox. 225.555.280,27 de euro (1.037.328.733,97 lei) cheltuieli totale<br \/>\nnerambursabile (curs 1 euro = 4,599 lei).<\/span><\/p>\n<p style=\"text-align:justify\"><span style=\"font-size:10.5pt;font-family:\">Perioada<br \/>\nde implementare este\u00a01 August 2018 \u2013 31 Iulie 2021.<\/span><\/p>\n<p><span>Comunicat presa\u00a0\u00a0\u00a0\u00a0 <a href=\"\/upload\/995\/COMUNICAT_PROACCES.pdf\">COMUNICAT_PROACCES.pdf<\/a> <br \/><\/span><\/p>\n<p><span><span>Infomare GDPR\u00a0\u00a0\u00a0\u00a0 <a href=\"\/upload\/995\/INFORMARE_GDPR_PROACCES_ALTERNATIV_RMPD.pdf\">INFORMARE_GDPR_PROACCES_ALTERNATIV_RMPD.pdf<\/a> <br \/><\/span><\/span><\/p>\n<p><span><span>Fisa proiect\u00a0\u00a0\u00a0 <a href=\"\/upload\/995\/FisaproiectPROACCES.pdf\">FisaproiectPROACCES.pdf<\/a> <\/span><br \/><\/span><\/p>\n<\/p>\n<p><img>Brosura electronica\u00a0\u00a0\u00a0 <a href=\"\/upload\/995\/Brosura_prezentare_proiect.pdf\">Brosura_prezentare_proiect.pdf<\/a> <\/p>\n<p>\u00a0Informare rezultate proiect\u00a0\u00a0\u00a0 <a href=\"\/upload\/995\/Informare_rezultate_proiect_2018.pdf\">Informare_rezultate_proiect_2018.pdf<\/a> <\/p>\n<div class=\"file-list-wrap\">\n<ul class=\"file-list\">\n<li><a href=\"\/upload2\/V\u00e2lcea\/995\/Raport_de_activitate_PRO_ACCES_RMPD_-_9_luni_de_implementare.pdf\" download>Raport_de_activitate_PRO_ACCES_RMPD_-_9_luni_de_implementare.pdf<\/a><\/li>\n<\/ul>\n<\/div>\n","protected":false},"excerpt":{"rendered":"<p>Proiect PRO ACCES ALTERNATIV &#8211; stimularea mobilt\u0103\u021bii \u0219i subven\u021bionarea locurilor de munc\u0103 pentru \u0219omeri \u0219i inactivi<\/p>\n","protected":false},"author":0,"featured_media":0,"comment_status":"closed","ping_status":"closed","sticky":false,"template":"","format":"standard","meta":{"footnotes":""},"categories":[20],"tags":[],"class_list":["post-11","post","type-post","status-publish","format-standard","hentry","category-proiecte"],"_links":{"self":[{"href":"https:\/\/www.anofm.ro\/valcea\/wp-json\/wp\/v2\/posts\/11","targetHints":{"allow":["GET"]}}],"collection":[{"href":"https:\/\/www.anofm.ro\/valcea\/wp-json\/wp\/v2\/posts"}],"about":[{"href":"https:\/\/www.anofm.ro\/valcea\/wp-json\/wp\/v2\/types\/post"}],"replies":[{"embeddable":true,"href":"https:\/\/www.anofm.ro\/valcea\/wp-json\/wp\/v2\/comments?post=11"}],"version-history":[{"count":0,"href":"https:\/\/www.anofm.ro\/valcea\/wp-json\/wp\/v2\/posts\/11\/revisions"}],"wp:attachment":[{"href":"https:\/\/www.anofm.ro\/valcea\/wp-json\/wp\/v2\/media?parent=11"}],"wp:term":[{"taxonomy":"category","embeddable":true,"href":"https:\/\/www.anofm.ro\/valcea\/wp-json\/wp\/v2\/categories?post=11"},{"taxonomy":"post_tag","embeddable":true,"href":"https:\/\/www.anofm.ro\/valcea\/wp-json\/wp\/v2\/tags?post=11"}],"curies":[{"name":"wp","href":"https:\/\/api.w.org\/{rel}","templated":true}]}}