{"id":10,"date":"2018-11-12T00:00:00","date_gmt":"2018-11-11T22:00:00","guid":{"rendered":"https:\/\/www.anofm.ro\/valcea\/proiectul-intespo-inregistrarea-tinerilor-in-evidentele-serviciului-public-de-ocupare\/"},"modified":"2018-11-12T00:00:00","modified_gmt":"2018-11-11T22:00:00","slug":"proiectul-intespo-inregistrarea-tinerilor-in-evidentele-serviciului-public-de-ocupare","status":"publish","type":"post","link":"https:\/\/www.anofm.ro\/valcea\/proiectul-intespo-inregistrarea-tinerilor-in-evidentele-serviciului-public-de-ocupare\/","title":{"rendered":"Proiectul INTESPO &#8211; \u00cenregistrarea tinerilor \u00een eviden\u021bele Serviciului Public de Ocupare"},"content":{"rendered":"<\/p>\n<p class=\"MsoNormal\" style=\"line-height:normal\"><b><span style=\"font-size:12.0pt;font-family:\">\u00a0<\/span><\/b><b><span style=\"font-family:\" lang=\"RO\">POCU\/135\/2\/3\/113589<\/span><\/b><span style=\"font-size:12.0pt;font-family:\"><\/span><\/p>\n<p class=\"MsoNormal\" style=\"margin-bottom:6.0pt;text-align:justify\"><span style=\"font-family:\">Agen\u021bia Na\u021bional\u0103 pentru Ocuparea For\u021bei de Munc\u0103 implementeaz\u0103,<\/span><span style=\"font-size:12.0pt;line-height:115%;font-family:\"> <\/span><span style=\"font-family:\">\u00een parteneriat cu<br \/>\nMinisterul Muncii \u0219i Justi\u021biei Sociale, Ministerul Educa\u021biei Na\u021bionale \u0219i<br \/>\nAgen\u021bia Na\u021bional\u0103 pentru Pl\u0103\u021bi \u0219i Inspec\u021bie Social\u0103, proiectul <i>INTESPO \u2013 \u00cenregistrarea Tinerilor \u00een<br \/>\nEviden\u021bele Serviciului Public de Ocupare. <\/i><\/span><span style=\"font-size:12.0pt;line-height:115%;font-family:\"><\/span><\/p>\n<p class=\"MsoNormal\" style=\"margin-bottom:6.0pt;text-align:justify\"><span style=\"font-family:\">Proiectul este cofinan\u0163at prin Programul Opera\u0163ional<br \/>\nCapital Uman, Axa prioritar\u0103 2 \u2013 \u00cembun\u0103t\u0103\u0163irea situa\u0163iei tinerilor din<br \/>\ncategoria NEETs, Obiectiv specific 2.3 &#8211; Cre\u0219terea num\u0103rului tinerilor NEETs<br \/>\ninactivi \u00eenregistra\u021bi la Serviciul Public de Ocupare.<\/span><span style=\"font-size:12.0pt;line-height:115%;font-family:\"><\/span><\/p>\n<p class=\"MsoNormal\" style=\"margin-bottom:6.0pt;text-align:justify\"><span style=\"font-family:\">Obiectivul general al proiectului \u00eel constituie<br \/>\ncre\u0219terea num\u0103rului de tineri NEETs \u00eenregistra\u021bi la Serviciul Public de Ocupare<br \/>\n(SPO) \u00een vederea furniz\u0103rii de m\u0103suri specializate de sprijin.<\/span><span lang=\"RO\"><\/span><\/p>\n<p><\/p>\n<p>Fisa proiect INTESPO\u00a0\u00a0<span><span style=\"text-decoration: underline\"> <a href=\"\/upload\/977\/Fisa_proiectului_INTESPO.pdf\">Fisa_proiectului_INTESPO.pdf<\/a> <\/span><br \/><span style=\"text-decoration: underline\"><\/span><\/span><\/p>\n<p>Ai job: ai siguranta, ai independenta, ai incerdere esti respectat\u00a0\u00a0\u00a0 <a href=\"\/upload\/977\/INFOINTESPO.pdf\">INFOINTESPO.pdf<\/a> <\/p>\n<p>Daca esti in cautarea unui loc de munca&#8230;\u00a0\u00a0\u00a0\u00a0\u00a0\u00a0\u00a0 <a href=\"\/upload\/977\/InformareINTESPO_August2018.pdf\">InformareINTESPO_August2018.pdf<\/a> <\/p>\n<p>Situa\u021bia tinerilor NEETS\u00a0\u00a0\u00a0\u00a0 <a href=\"\/upload\/977\/neets2018.pdf\">neets2018.pdf<\/a> <\/p>\n<p>Proiect INTESPO\u00a0\u00a0 <a href=\"\/upload\/977\/Informare_INTESPO_Octombrie_2018.pdf\">Informare_INTESPO_Octombrie_2018.pdf<\/a> <\/p>\n<p>Proiect INTESPO\u00a0\u00a0\u00a0 noiembrie 2018\u00a0\u00a0\u00a0\u00a0 <a href=\"\/upload\/977\/Informare_INTESPO_Noiembrie_2018.pdf\">Informare_INTESPO_Noiembrie_2018.pdf<\/a> <\/p>\n<p>Medierea muncii &#8211; decembrie 2018\u00a0\u00a0\u00a0 <a href=\"\/upload\/977\/Medierea_muncii-decembrie_2018.PDF\">Medierea_muncii-decembrie_2018.PDF<\/a> <\/p>\n<p> Proiect INTESPO &#8211; formare profesionala \u00a0\u00a0 <a href=\"\/upload\/977\/Informare_INTESPO_-Ianuarie_2019.pdf\">Informare_INTESPO_-Ianuarie_2019.pdf<\/a> <\/p>\n<p>Anunt organizare selectie pentru ocuparea postului de expert in cadrul proiectului INTESPO<br \/><a href=\"\/upload\/977\/anuntINTESPO.PDF\">anuntINTESPO.PDF<\/a> <\/p>\n<p>Rezultat expert proiect INTESPO \u00a0\u00a0<a href=\"\/upload\/977\/rezultat14032019_1.pdf\">rezultat14032019_1.pdf<\/a>  \u00a0\u00a0 <\/p>\n<p>Scrisoare tineri\u00a0\u00a0 <a href=\"\/upload\/977\/Scrisoare_tineri.pdf\">Scrisoare_tineri.pdf<\/a> <\/p>\n<p>Flyere\u00a0\u00a0 <a href=\"\/upload\/977\/Flyer_proiect_INTESPO.pdf\">Flyer_proiect_INTESPO.pdf<\/a> <a href=\"\/upload\/977\/Flyer_tineri_1.pdf\">Flyer_tineri_1.pdf<\/a> <a href=\"\/upload\/977\/Flyer_tineri_2.pdf\">Flyer_tineri_2.pdf<\/a> <a href=\"\/upload\/977\/flyer_parinti_1.pdf\">flyer_parinti_1.pdf<\/a> <a href=\"\/upload\/977\/flyer_parinti_2.pdf\">flyer_parinti_2.pdf<\/a><\/p>\n<p>\u00a0Concurs angajare experti pr. INTESPO-septembrie 2021 <a href=\"\/upload\/977\/Anunt_intespo_2021.docx\">Anunt_intespo_2021.docx<\/a>;\u00a0 <a href=\"\/upload\/977\/Formular_disponibilitate.docx\">Formular_disponibilitate.docx<\/a> <a href=\"\/upload\/977\/Formular_inscriere_concurs.docx\">Formular_inscriere_concurs.docx<\/a>; \u00a0 <a href=\"\/upload\/977\/consimtamant_INTESPO.docx\">consimtamant_INTESPO.docx<\/a> <a href=\"\/upload\/977\/rezultat14032019.pdf\"><\/p>\n<p><\/p>\n<p><\/a><span><span style=\"text-decoration: underline\"><\/p>\n<p><\/p>\n<p><\/p>\n<p><\/span><\/span><span><span style=\"text-decoration: underline\"><\/span><\/span><\/p>\n","protected":false},"excerpt":{"rendered":"<p>Proiectul INTESPO &#8211; \u00eenregistrarea tinerilor<\/p>\n","protected":false},"author":0,"featured_media":0,"comment_status":"closed","ping_status":"closed","sticky":false,"template":"","format":"standard","meta":{"footnotes":""},"categories":[20],"tags":[],"class_list":["post-10","post","type-post","status-publish","format-standard","hentry","category-proiecte"],"_links":{"self":[{"href":"https:\/\/www.anofm.ro\/valcea\/wp-json\/wp\/v2\/posts\/10","targetHints":{"allow":["GET"]}}],"collection":[{"href":"https:\/\/www.anofm.ro\/valcea\/wp-json\/wp\/v2\/posts"}],"about":[{"href":"https:\/\/www.anofm.ro\/valcea\/wp-json\/wp\/v2\/types\/post"}],"replies":[{"embeddable":true,"href":"https:\/\/www.anofm.ro\/valcea\/wp-json\/wp\/v2\/comments?post=10"}],"version-history":[{"count":0,"href":"https:\/\/www.anofm.ro\/valcea\/wp-json\/wp\/v2\/posts\/10\/revisions"}],"wp:attachment":[{"href":"https:\/\/www.anofm.ro\/valcea\/wp-json\/wp\/v2\/media?parent=10"}],"wp:term":[{"taxonomy":"category","embeddable":true,"href":"https:\/\/www.anofm.ro\/valcea\/wp-json\/wp\/v2\/categories?post=10"},{"taxonomy":"post_tag","embeddable":true,"href":"https:\/\/www.anofm.ro\/valcea\/wp-json\/wp\/v2\/tags?post=10"}],"curies":[{"name":"wp","href":"https:\/\/api.w.org\/{rel}","templated":true}]}}