{"id":6594,"date":"2026-08-27T14:48:22","date_gmt":"2026-08-27T11:48:22","guid":{"rendered":"https:\/\/www.anofm.ro\/teleorman\/?p=6594"},"modified":"2026-08-31T14:54:51","modified_gmt":"2026-08-31T11:54:51","slug":"rezultatele-implementarii-programului-de-ocupare-a-fortei-de-munca-si-al-planului-de-formare-profesionala-al-ajofm-teleorman-10","status":"publish","type":"post","link":"https:\/\/www.anofm.ro\/teleorman\/rezultatele-implementarii-programului-de-ocupare-a-fortei-de-munca-si-al-planului-de-formare-profesionala-al-ajofm-teleorman-10\/","title":{"rendered":"Rezultatele implement\u0103rii Programului de ocupare a for\u0163ei de munc\u0103 SI AL PLANULUI DE FORMARE PROFESIONAL\u0102 al AJOFM Teleorman"},"content":{"rendered":"\n<p><\/p>\n\n\n\n<p>Activitatea de ocupare a persoanelor \u00een c\u0103utarea unui loc de munc\u0103 se desf\u0103\u0219oar\u0103 pe baza Programului na\u021bional pentru ocuparea for\u021bei de munc\u0103 elaborat anual de c\u0103tre Agen\u021bia Na\u021bional\u0103 pentru Ocuparea For\u021bei de Munc\u0103 \u0219i aprobat de Ministerul Muncii, Familiei, Tineretului \u0219i Solidarit\u0103\u021bii Sociale.<\/p>\n\n\n\n<p>Ca urmare a implement\u0103rii Programului de Ocupare, \u00een luna <strong>iulie 2026<\/strong>, un num\u0103r de&nbsp;<strong>295 de persoane<\/strong>&nbsp;au fost \u00eencadrate \u00een munc\u0103 prin intermediul&nbsp;AJOFM Teleorman. Acestea au beneficiat \u00een prealabil de servicii integrate de informare, consiliere \u0219i mediere \u2014 instrumente esen\u021biale pentru facilitarea accesului la pia\u021ba muncii \u2014&nbsp;<strong>num\u0103rul celor angaja\u021bi <\/strong>de la \u00eenceputul anului&nbsp;reprezent\u00e2nd&nbsp;<strong>49,72%<\/strong>&nbsp;din obiectivul anual planificat de 4.250 de persoane.<\/p>\n\n\n\n<p>Pentru cre\u0219terea \u0219anselor de integrare pe pia\u021ba muncii, <strong>53 de persoane<\/strong> angajate \u00een luna de referin\u021b\u0103 au beneficiat de m\u0103suri active:<\/p>\n\n\n\n<ul class=\"wp-block-list\">\n<li>Formare profesional\u0103: 6 \u0219omeri angaja\u021bi dup\u0103 finalizarea cursurilor (0 prin BAS, 6 prin FSE).<\/li>\n\n\n\n<li>Stimulente pentru ocupare: 47 de \u0219omeri sprijini\u021bi financiar, distribui\u021bi astfel:<\/li>\n\n\n\n<li>aloca\u021bie de stimulare: 32 de \u0219omeri indemniza\u021bi angaja\u021bi \u00eenainte de expirarea drepturilor.<\/li>\n\n\n\n<li>prim\u0103 de activare: 4 \u0219omeri neindemniza\u021bi.<\/li>\n\n\n\n<li>mobilitatea for\u021bei de munc\u0103: 11 \u0219omeri (prime de mobilitate).<\/li>\n<\/ul>\n\n\n\n<p>Activitatea de formare profesional\u0103 a persoanelor \u00een c\u0103utarea unui loc de munc\u0103 se desf\u0103\u0219oar\u0103 pe baza Planului na\u021bional de formare profesional\u0103 elaborat anual de c\u0103tre Agen\u021bia Na\u021bional\u0103 pentru Ocuparea For\u021bei de Munc\u0103 \u0219i aprobat de Ministerul Muncii, Familiei, Tineretului \u0219i Solidarit\u0103\u021bii Sociale.<\/p>\n\n\n\n<p>\u00cen acest context, AJOFM Teleorman vizeaz\u0103 dezvoltarea \u0219i diversificarea competen\u021belor profesionale ale beneficiarilor, facilit\u00e2nd astfel mobilitatea acestora \u0219i reintegrarea rapid\u0103 pe pia\u021ba muncii.<\/p>\n\n\n\n<p>Obiectivele institu\u021biei sunt implementate prin Planul jude\u021bean de formare profesional\u0103, care cuprinde o serie de programe de instruire dedicate \u0219omerilor afla\u021bi \u00een eviden\u021be. Prin&nbsp;Planul jude\u021bean de formare profesional\u0103 pentru anul 2026, institu\u021bia estimeaz\u0103 organizarea a&nbsp;17&nbsp; programe de instruire (ini\u021biere, calificare, recalificare, perfec\u021bionare sau specializare) pentru un num\u0103r de&nbsp;385 de \u0219omeri.<\/p>\n\n\n\n<p>Ca urmare a derul\u0103rii acestui plan, \u00een perioada ianuarie &#8211; iulie 2026, un num\u0103r total de 310 de persoane au fost \u00eenregistrate \u0219i \u00eenscrise la cursurile organizate de institu\u021bie, dintre care:<\/p>\n\n\n\n<p>&#8211; 44 de \u0219omeri au optat pentru calificarea Operator introducere, validare \u0219i prelucrare date<\/p>\n\n\n\n<p>&#8211; 76 de persoane au optat pentru calificarea Lucrator calificat in culturi de camp si legumicultura<\/p>\n\n\n\n<p>&#8211; 138 de persoane au optat pentru calificarea Lucr\u0103tor comercial<\/p>\n\n\n\n<p>&#8211; 27 de persoane au optat pentru calificarea Ospatar- chelner<\/p>\n\n\n\n<p>&#8211; 25 de persoane au optat pentru calificarea Lucrator coafor<\/p>\n","protected":false},"excerpt":{"rendered":"<p>Activitatea de ocupare a persoanelor \u00een c\u0103utarea unui loc de munc\u0103 se desf\u0103\u0219oar\u0103 pe baza Programului na\u021bional pentru ocuparea for\u021bei de munc\u0103 elaborat anual de c\u0103tre Agen\u021bia Na\u021bional\u0103 pentru Ocuparea<\/p>\n","protected":false},"author":259,"featured_media":0,"comment_status":"closed","ping_status":"closed","sticky":false,"template":"","format":"standard","meta":{"footnotes":""},"categories":[9,32,31],"tags":[],"class_list":["post-6594","post","type-post","status-publish","format-standard","hentry","category-comunicate-de-presa","category-ultimele-noutati","category-ultimele-noutati-slider"],"_links":{"self":[{"href":"https:\/\/www.anofm.ro\/teleorman\/wp-json\/wp\/v2\/posts\/6594","targetHints":{"allow":["GET"]}}],"collection":[{"href":"https:\/\/www.anofm.ro\/teleorman\/wp-json\/wp\/v2\/posts"}],"about":[{"href":"https:\/\/www.anofm.ro\/teleorman\/wp-json\/wp\/v2\/types\/post"}],"author":[{"embeddable":true,"href":"https:\/\/www.anofm.ro\/teleorman\/wp-json\/wp\/v2\/users\/259"}],"replies":[{"embeddable":true,"href":"https:\/\/www.anofm.ro\/teleorman\/wp-json\/wp\/v2\/comments?post=6594"}],"version-history":[{"count":1,"href":"https:\/\/www.anofm.ro\/teleorman\/wp-json\/wp\/v2\/posts\/6594\/revisions"}],"predecessor-version":[{"id":6595,"href":"https:\/\/www.anofm.ro\/teleorman\/wp-json\/wp\/v2\/posts\/6594\/revisions\/6595"}],"wp:attachment":[{"href":"https:\/\/www.anofm.ro\/teleorman\/wp-json\/wp\/v2\/media?parent=6594"}],"wp:term":[{"taxonomy":"category","embeddable":true,"href":"https:\/\/www.anofm.ro\/teleorman\/wp-json\/wp\/v2\/categories?post=6594"},{"taxonomy":"post_tag","embeddable":true,"href":"https:\/\/www.anofm.ro\/teleorman\/wp-json\/wp\/v2\/tags?post=6594"}],"curies":[{"name":"wp","href":"https:\/\/api.w.org\/{rel}","templated":true}]}}