{"id":639,"date":"2023-05-23T00:00:00","date_gmt":"2023-05-22T21:00:00","guid":{"rendered":"https:\/\/www.anofm.ro\/teleorman\/masa-rotunda-economia-sociala\/"},"modified":"2023-05-23T00:00:00","modified_gmt":"2023-05-22T21:00:00","slug":"masa-rotunda-economia-sociala","status":"publish","type":"post","link":"https:\/\/www.anofm.ro\/teleorman\/masa-rotunda-economia-sociala\/","title":{"rendered":"Masa rotunda- economia sociala"},"content":{"rendered":"<p>Masa rotunda desf\u0103surata \u00een data de 22 Mai 2023, la sediul institu\u021biei &#8211; AJOFM Teleorman.<\/p>\n<p>\u00cent\u00e2lnirea a avut ca scop mediatizarea prevederilor legale referitoare la atestarea \u015fi certificarea entit\u0103\u0163ilor de economie social\u0103, rolul \u00eentreprinderilor sociale \u015fi al \u00eentreprinderilor sociale de inser\u0163ie.<\/p>\n<p>Reprezentantii intreprinderilor sociale au avut ca tema de discutie prezentarea modului de redactare a rapoartelor anuale si un a avut loc un schimb de informatii privind activitatea sociala desfasurata in anul anterior.<\/p>\n<p>Au fost inaintate totodata propuneri legislative pentru a incuraja participarea activa la viata publica a grupurilor vulnerabile.<\/p>\n<div class=\"file-list-wrap\">\n<ul class=\"file-list\">\n<li><a href=\"\/upload2\/Teleorman\/26159\/grup.jpeg\" download>grup.jpeg<\/a><\/li>\n<li><a href=\"\/upload2\/Teleorman\/26159\/IMG_4476.jpeg\" download>IMG_4476.jpeg<\/a><\/li>\n<li><a href=\"\/upload2\/Teleorman\/26159\/IMG_4477.jpeg\" download>IMG_4477.jpeg<\/a><\/li>\n<li><a href=\"\/upload2\/Teleorman\/26159\/IMG_4478.jpeg\" download>IMG_4478.jpeg<\/a><\/li>\n<li><a href=\"\/upload2\/Teleorman\/26159\/IMG_4479.jpeg\" download>IMG_4479.jpeg<\/a><\/li>\n<li><a href=\"\/upload2\/Teleorman\/26159\/Obligatii_masuri_actiuni_-propunere_finala.pdf\" download>Obligatii_masuri_actiuni_-propunere_finala.pdf<\/a><\/li>\n<li><a href=\"\/upload2\/Teleorman\/26159\/Ec_socialaScop_social_profit_atestare_certificare.pdf\" download>Ec_socialaScop_social_profit_atestare_certificare.pdf<\/a><\/li>\n<\/ul>\n<\/div>\n","protected":false},"excerpt":{"rendered":"<p>Masa rotunda desf\u0103surata \u00een data de 22 Mai 2023, la sediul institu\u021biei &#8211; AJOFM Teleorman. \u00cent\u00e2lnirea a avut ca scop mediatizarea prevederilor legale referitoare la atestarea \u015fi certificarea entit\u0103\u0163ilor de<\/p>\n","protected":false},"author":0,"featured_media":0,"comment_status":"closed","ping_status":"closed","sticky":false,"template":"","format":"standard","meta":{"footnotes":""},"categories":[9],"tags":[],"class_list":["post-639","post","type-post","status-publish","format-standard","hentry","category-comunicate-de-presa"],"_links":{"self":[{"href":"https:\/\/www.anofm.ro\/teleorman\/wp-json\/wp\/v2\/posts\/639","targetHints":{"allow":["GET"]}}],"collection":[{"href":"https:\/\/www.anofm.ro\/teleorman\/wp-json\/wp\/v2\/posts"}],"about":[{"href":"https:\/\/www.anofm.ro\/teleorman\/wp-json\/wp\/v2\/types\/post"}],"replies":[{"embeddable":true,"href":"https:\/\/www.anofm.ro\/teleorman\/wp-json\/wp\/v2\/comments?post=639"}],"version-history":[{"count":0,"href":"https:\/\/www.anofm.ro\/teleorman\/wp-json\/wp\/v2\/posts\/639\/revisions"}],"wp:attachment":[{"href":"https:\/\/www.anofm.ro\/teleorman\/wp-json\/wp\/v2\/media?parent=639"}],"wp:term":[{"taxonomy":"category","embeddable":true,"href":"https:\/\/www.anofm.ro\/teleorman\/wp-json\/wp\/v2\/categories?post=639"},{"taxonomy":"post_tag","embeddable":true,"href":"https:\/\/www.anofm.ro\/teleorman\/wp-json\/wp\/v2\/tags?post=639"}],"curies":[{"name":"wp","href":"https:\/\/api.w.org\/{rel}","templated":true}]}}