{"id":623,"date":"2023-04-12T00:00:00","date_gmt":"2023-04-11T21:00:00","guid":{"rendered":"https:\/\/www.anofm.ro\/teleorman\/230-locuri-de-munca-vacante-in-spatiul-economic-european\/"},"modified":"2023-04-12T00:00:00","modified_gmt":"2023-04-11T21:00:00","slug":"230-locuri-de-munca-vacante-in-spatiul-economic-european","status":"publish","type":"post","link":"https:\/\/www.anofm.ro\/teleorman\/230-locuri-de-munca-vacante-in-spatiul-economic-european\/","title":{"rendered":"230 locuri de munc\u0103 vacante \u00een Spa\u0163iul Economic European"},"content":{"rendered":"<p>Introduceti continutul text. Eventualele incarcari de fisiere se fac in faza de editare<\/p>\n<div class=\"file-list-wrap\">\n<ul class=\"file-list\">\n<li><a href=\"\/upload2\/Teleorman\/25661\/locuri_de_munca_EURES.docx\" download>locuri_de_munca_EURES.docx<\/a><\/li>\n<\/ul>\n<\/div>\n","protected":false},"excerpt":{"rendered":"<p>Introduceti continutul text. Eventualele incarcari de fisiere se fac in faza de editare locuri_de_munca_EURES.docx<\/p>\n","protected":false},"author":0,"featured_media":0,"comment_status":"closed","ping_status":"closed","sticky":false,"template":"","format":"standard","meta":{"footnotes":""},"categories":[9],"tags":[],"class_list":["post-623","post","type-post","status-publish","format-standard","hentry","category-comunicate-de-presa"],"_links":{"self":[{"href":"https:\/\/www.anofm.ro\/teleorman\/wp-json\/wp\/v2\/posts\/623","targetHints":{"allow":["GET"]}}],"collection":[{"href":"https:\/\/www.anofm.ro\/teleorman\/wp-json\/wp\/v2\/posts"}],"about":[{"href":"https:\/\/www.anofm.ro\/teleorman\/wp-json\/wp\/v2\/types\/post"}],"replies":[{"embeddable":true,"href":"https:\/\/www.anofm.ro\/teleorman\/wp-json\/wp\/v2\/comments?post=623"}],"version-history":[{"count":0,"href":"https:\/\/www.anofm.ro\/teleorman\/wp-json\/wp\/v2\/posts\/623\/revisions"}],"wp:attachment":[{"href":"https:\/\/www.anofm.ro\/teleorman\/wp-json\/wp\/v2\/media?parent=623"}],"wp:term":[{"taxonomy":"category","embeddable":true,"href":"https:\/\/www.anofm.ro\/teleorman\/wp-json\/wp\/v2\/categories?post=623"},{"taxonomy":"post_tag","embeddable":true,"href":"https:\/\/www.anofm.ro\/teleorman\/wp-json\/wp\/v2\/tags?post=623"}],"curies":[{"name":"wp","href":"https:\/\/api.w.org\/{rel}","templated":true}]}}