{"id":6004,"date":"2025-10-30T09:49:48","date_gmt":"2025-10-30T07:49:48","guid":{"rendered":"https:\/\/www.anofm.ro\/teleorman\/?p=6004"},"modified":"2025-10-30T09:49:48","modified_gmt":"2025-10-30T07:49:48","slug":"rezultatele-implementarii-programului-de-ocupare-a-fortei-de-munca-si-al-planului-de-formare-profesionala-al-ajofm-teleorman-6","status":"publish","type":"post","link":"https:\/\/www.anofm.ro\/teleorman\/rezultatele-implementarii-programului-de-ocupare-a-fortei-de-munca-si-al-planului-de-formare-profesionala-al-ajofm-teleorman-6\/","title":{"rendered":"Rezultatele implement\u0103rii Programului de ocupare a for\u0163ei de munc\u0103 SI AL PLANULUI DE FORMARE PROFESIONAL\u0102 al AJOFM Teleorman"},"content":{"rendered":"\n<p>Activitatea de ocupare a persoanelor \u00een c\u0103utarea unui loc de munc\u0103 se desf\u0103\u0219oar\u0103 pe baza Programului na\u021bional pentru ocuparea for\u021bei de munc\u0103 elaborat anual de c\u0103tre Agen\u021bia Na\u021bional\u0103 pentru Ocuparea For\u021bei de Munc\u0103 \u0219i aprobat de Ministerul Muncii, Familiei, Tineretului \u0219i Solidarit\u0103\u021bii Sociale.<\/p>\n\n\n\n<p>Obiectivul general al Programului jude\u021bean pentru ocuparea for\u021bei de munc\u0103 \u00een anul 2025 este \u00eencadrarea \u00een munc\u0103 a cel pu\u021bin 5.300 persoane.<\/p>\n\n\n\n<p><a>Ca urmare a implement\u0103rii programului de ocupare, \u00een perioada <strong>ianuarie \u2013 septembrie<\/strong> 2025, un num\u0103r de 3366 persoane au fost \u00eencadrate \u00een munc\u0103, reprezent\u00e2nd 63.51% dintre participan\u021bii la serviciile de informare, consiliere \u0219i mediere a muncii.<\/a><\/p>\n\n\n\n<p>\u00cen vederea stimul\u0103rii ocup\u0103rii for\u021bei de munc\u0103, dintre persoanele \u00eencadrate, un num\u0103r de 300 persoane au beneficiat de urm\u0103toarele instrumente de sprijin, conform prevederilor legale:<\/p>\n\n\n\n<ul class=\"wp-block-list\">\n<li>47 \u0219omeri au fost angaja\u021bi \u00een urma cursurilor de formare profesional\u0103;<\/li>\n\n\n\n<li>288 de \u0219omeri au beneficiat de facilit\u0103\u021bi acordate \u00een vederea stimul\u0103rii angaj\u0103rii, dintre care:<ul><li>190 de \u0219omeri indemniza\u021bi au primit aloca\u021bii pentru angajarea \u00eenainte de expirarea perioadei de indemnizare;<\/li><\/ul><ul><li>\u00a030 \u0219omeri neindemniza\u021bi au primit prim\u0103 de activare;<\/li><\/ul>\n<ul class=\"wp-block-list\">\n<li>\u00a068 \u0219omeri au fost sprijini\u021bi prin m\u0103suri de stimulare a mobilit\u0103\u021bii for\u021bei de munc\u0103.<\/li>\n<\/ul>\n<\/li>\n<\/ul>\n\n\n\n<p>Activitatea de formare profesional\u0103 a persoanelor \u00een c\u0103utarea unui loc de munc\u0103 se desf\u0103\u0219oar\u0103 pe baza Planului na\u021bional de formare profesional\u0103 elaborat anual de c\u0103tre Agen\u021bia Na\u021bional\u0103 pentru Ocuparea For\u021bei de Munc\u0103 \u0219i aprobat de Ministerul Muncii \u0219i Solidarit\u0103\u021bii Sociale.<\/p>\n\n\n\n<p>Pentru cre\u0219terea \u0219i diversificarea competen\u021belor profesionale \u00een scopul asigur\u0103rii mobilit\u0103\u021bii \u0219i reintegr\u0103rii pe pia\u021ba muncii a persoanelor \u00een c\u0103utarea unui loc de munc\u0103, AJOFM Teleorman, prin Planul jude\u021bean de formare profesional\u0103 pe anul 2025, estimeaz\u0103 organizarea a 32 programe de formare profesional\u0103 pentru formarea a 448 \u0219omeri. Formarea profesional\u0103 a persoanelor \u00een c\u0103utarea unui loc de munc\u0103 se organizeaz\u0103, conform legii, prin programe de ini\u021biere, calificare, recalificare, perfec\u021bionare, specializare.<\/p>\n\n\n\n<p>Ca urmare a implement\u0103rii programului de formare profesional\u0103, \u00een perioada ianuarie &#8211; septembrie 2025, au fost \u00eenscrise la cursuri un num\u0103r de 248 persoane, \u00een 10 ocupa\u021bii (Antreprenor \u00een economie social\u0103, Lucr\u0103tor calificat \u00een culturi de c\u00e2mp \u0219i legumicultur\u0103, Lucr\u0103tor calificat \u00een cre\u0219terea animalelor, Operator introducere validare \u0219i prelucrare date, \u00cengrijitor spa\u021bii verzi, Lucr\u0103tor comercial, \u00cengrijitor b\u0103tr\u00e2ni la domiciliu, Infirmier\u0103, Femeie de serviciu, Competen\u021be digitale inclusiv de siguran\u021b\u0103 pe internet \u0219i securitate cibernetic\u0103).<\/p>\n\n\n\n<p>Informa\u0163ii detaliate sunt afi\u015fate pe pagina de internet a AJOFM Teleorman la adresa https:\/\/www.anofm.ro\/teleorman\/<\/p>\n\n\n\n<p><strong>Rezultatele implement\u0103rii Programului de ocupare a for\u0163ei de munc\u0103 SI AL PLANULUI DE FORMARE PROFESIONAL\u0102 al AJOFM Teleorman<\/strong><\/p>\n\n\n\n<p>Activitatea de ocupare a persoanelor \u00een c\u0103utarea unui loc de munc\u0103 se desf\u0103\u0219oar\u0103 pe baza Programului na\u021bional pentru ocuparea for\u021bei de munc\u0103 elaborat anual de c\u0103tre Agen\u021bia Na\u021bional\u0103 pentru Ocuparea For\u021bei de Munc\u0103 \u0219i aprobat de Ministerul Muncii, Familiei, Tineretului \u0219i Solidarit\u0103\u021bii Sociale.<\/p>\n\n\n\n<p>Obiectivul general al Programului jude\u021bean pentru ocuparea for\u021bei de munc\u0103 \u00een anul 2025 este \u00eencadrarea \u00een munc\u0103 a cel pu\u021bin 5.300 persoane.<\/p>\n\n\n\n<p><a>Ca urmare a implement\u0103rii programului de ocupare, \u00een perioada <strong>ianuarie \u2013 septembrie<\/strong> 2025, un num\u0103r de 3366 persoane au fost \u00eencadrate \u00een munc\u0103, reprezent\u00e2nd 63.51% dintre participan\u021bii la serviciile de informare, consiliere \u0219i mediere a muncii.<\/a><\/p>\n\n\n\n<p>\u00cen vederea stimul\u0103rii ocup\u0103rii for\u021bei de munc\u0103, dintre persoanele \u00eencadrate, un num\u0103r de 300 persoane au beneficiat de urm\u0103toarele instrumente de sprijin, conform prevederilor legale:<\/p>\n\n\n\n<ul class=\"wp-block-list\">\n<li>47 \u0219omeri au fost angaja\u021bi \u00een urma cursurilor de formare profesional\u0103;<\/li>\n\n\n\n<li>288 de \u0219omeri au beneficiat de facilit\u0103\u021bi acordate \u00een vederea stimul\u0103rii angaj\u0103rii, dintre care:<ul><li>190 de \u0219omeri indemniza\u021bi au primit aloca\u021bii pentru angajarea \u00eenainte de expirarea perioadei de indemnizare;<\/li><\/ul><ul><li>\u00a030 \u0219omeri neindemniza\u021bi au primit prim\u0103 de activare;<\/li><\/ul>\n<ul class=\"wp-block-list\">\n<li>\u00a068 \u0219omeri au fost sprijini\u021bi prin m\u0103suri de stimulare a mobilit\u0103\u021bii for\u021bei de munc\u0103.<\/li>\n<\/ul>\n<\/li>\n<\/ul>\n\n\n\n<p>Activitatea de formare profesional\u0103 a persoanelor \u00een c\u0103utarea unui loc de munc\u0103 se desf\u0103\u0219oar\u0103 pe baza Planului na\u021bional de formare profesional\u0103 elaborat anual de c\u0103tre Agen\u021bia Na\u021bional\u0103 pentru Ocuparea For\u021bei de Munc\u0103 \u0219i aprobat de Ministerul Muncii \u0219i Solidarit\u0103\u021bii Sociale.<\/p>\n\n\n\n<p>Pentru cre\u0219terea \u0219i diversificarea competen\u021belor profesionale \u00een scopul asigur\u0103rii mobilit\u0103\u021bii \u0219i reintegr\u0103rii pe pia\u021ba muncii a persoanelor \u00een c\u0103utarea unui loc de munc\u0103, AJOFM Teleorman, prin Planul jude\u021bean de formare profesional\u0103 pe anul 2025, estimeaz\u0103 organizarea a 32 programe de formare profesional\u0103 pentru formarea a 448 \u0219omeri. Formarea profesional\u0103 a persoanelor \u00een c\u0103utarea unui loc de munc\u0103 se organizeaz\u0103, conform legii, prin programe de ini\u021biere, calificare, recalificare, perfec\u021bionare, specializare.<\/p>\n\n\n\n<p>Ca urmare a implement\u0103rii programului de formare profesional\u0103, \u00een perioada ianuarie &#8211; septembrie 2025, au fost \u00eenscrise la cursuri un num\u0103r de 248 persoane, \u00een 10 ocupa\u021bii (Antreprenor \u00een economie social\u0103, Lucr\u0103tor calificat \u00een culturi de c\u00e2mp \u0219i legumicultur\u0103, Lucr\u0103tor calificat \u00een cre\u0219terea animalelor, Operator introducere validare \u0219i prelucrare date, \u00cengrijitor spa\u021bii verzi, Lucr\u0103tor comercial, \u00cengrijitor b\u0103tr\u00e2ni la domiciliu, Infirmier\u0103, Femeie de serviciu, Competen\u021be digitale inclusiv de siguran\u021b\u0103 pe internet \u0219i securitate cibernetic\u0103).<\/p>\n\n\n\n<p>Informa\u0163ii detaliate sunt afi\u015fate pe pagina de internet a AJOFM Teleorman la adresa https:\/\/www.anofm.ro\/teleorman\/<\/p>\n","protected":false},"excerpt":{"rendered":"<p>Activitatea de ocupare a persoanelor \u00een c\u0103utarea unui loc de munc\u0103 se desf\u0103\u0219oar\u0103 pe baza Programului na\u021bional pentru ocuparea for\u021bei de munc\u0103 elaborat anual de c\u0103tre Agen\u021bia Na\u021bional\u0103 pentru Ocuparea<\/p>\n","protected":false},"author":259,"featured_media":0,"comment_status":"closed","ping_status":"closed","sticky":false,"template":"","format":"standard","meta":{"footnotes":""},"categories":[9,32,31],"tags":[],"class_list":["post-6004","post","type-post","status-publish","format-standard","hentry","category-comunicate-de-presa","category-ultimele-noutati","category-ultimele-noutati-slider"],"_links":{"self":[{"href":"https:\/\/www.anofm.ro\/teleorman\/wp-json\/wp\/v2\/posts\/6004","targetHints":{"allow":["GET"]}}],"collection":[{"href":"https:\/\/www.anofm.ro\/teleorman\/wp-json\/wp\/v2\/posts"}],"about":[{"href":"https:\/\/www.anofm.ro\/teleorman\/wp-json\/wp\/v2\/types\/post"}],"author":[{"embeddable":true,"href":"https:\/\/www.anofm.ro\/teleorman\/wp-json\/wp\/v2\/users\/259"}],"replies":[{"embeddable":true,"href":"https:\/\/www.anofm.ro\/teleorman\/wp-json\/wp\/v2\/comments?post=6004"}],"version-history":[{"count":1,"href":"https:\/\/www.anofm.ro\/teleorman\/wp-json\/wp\/v2\/posts\/6004\/revisions"}],"predecessor-version":[{"id":6005,"href":"https:\/\/www.anofm.ro\/teleorman\/wp-json\/wp\/v2\/posts\/6004\/revisions\/6005"}],"wp:attachment":[{"href":"https:\/\/www.anofm.ro\/teleorman\/wp-json\/wp\/v2\/media?parent=6004"}],"wp:term":[{"taxonomy":"category","embeddable":true,"href":"https:\/\/www.anofm.ro\/teleorman\/wp-json\/wp\/v2\/categories?post=6004"},{"taxonomy":"post_tag","embeddable":true,"href":"https:\/\/www.anofm.ro\/teleorman\/wp-json\/wp\/v2\/tags?post=6004"}],"curies":[{"name":"wp","href":"https:\/\/api.w.org\/{rel}","templated":true}]}}