{"id":5919,"date":"2025-09-22T09:05:47","date_gmt":"2025-09-22T06:05:47","guid":{"rendered":"https:\/\/www.anofm.ro\/teleorman\/?p=5919"},"modified":"2025-09-26T09:08:21","modified_gmt":"2025-09-26T06:08:21","slug":"rata-somajului-inregistrat-in-evidentele-a-j-o-f-m-teleorman-in-luna-august-2025","status":"publish","type":"post","link":"https:\/\/www.anofm.ro\/teleorman\/rata-somajului-inregistrat-in-evidentele-a-j-o-f-m-teleorman-in-luna-august-2025\/","title":{"rendered":"Rata \u015fomajului \u00eenregistrat \u00een eviden\u0163ele A.J.O.F.M Teleorman \u00een luna AUGUST 2025"},"content":{"rendered":"\n<p>La sf\u00e2r\u0219itul lunii august, \u00een eviden\u021bele Agen\u021biei Jude\u021bene pentru Ocuparea For\u021bei de Munc\u0103 Teleorman erau \u00eenregistra\u0163i 9894 \u0219omeri (din care 4061 femei), rata \u0219omajului fiind de 9,12%.<\/p>\n\n\n\n<p>Comparativ cu luna precedent\u0103, rata \u0219omajului a sc\u0103zut cu 0,02%.<\/p>\n\n\n\n<p>Din totalul de 9894 persoane \u00eenregistrate \u00een eviden\u021bele AJOFM Teleorman, 1241 erau beneficiari de indemniza\u0163ie de \u015fomaj, iar 8653 erau \u0219omeri neindemniza\u021bi. \u00cen ceea ce prive\u0219te mediul de reziden\u021b\u0103, 8095 \u0219omeri provin din mediul rural \u0219i 1799 sunt din mediul urban.<\/p>\n\n\n\n<p>Structura \u0219omajului pe grupe de v\u00e2rste se prezint\u0103 sugestiv astfel:<\/p>\n\n\n\n<figure class=\"wp-block-table\"><table class=\"has-fixed-layout\"><tbody><tr><td>Grupa de v\u00e2rst\u0103<\/td><td>Stoc la finele lunii<\/td><\/tr><tr><td>Total<\/td><td>9894<\/td><\/tr><tr><td>&lt; 25 ani<\/td><td>804<\/td><\/tr><tr><td>\u00eentre 25-29<\/td><td>459<\/td><\/tr><tr><td>\u00eentre 30-39<\/td><td>1635<\/td><\/tr><tr><td>\u00eentre 40-49<\/td><td>2443<\/td><\/tr><tr><td>\u00eentre 50-55<\/td><td>1968<\/td><\/tr><tr><td>peste 55 ani<\/td><td>2585<\/td><\/tr><\/tbody><\/table><\/figure>\n\n\n\n<p>&nbsp;&nbsp;&nbsp;&nbsp;&nbsp;&nbsp;&nbsp;&nbsp;&nbsp; \u0218omerii cu studii gimnaziale au ponderea cea mai mare \u00een totalul \u015fomerilor \u00eenregistra\u0163i \u00een eviden\u0163ele A.J.O.F.M Teleorman (53,97%), urmat de cei cu studii primare\/f\u0103r\u0103 studii (22,68%). \u0218omerii cu studii liceale sunt \u00een propor\u0163ie de 11,87%, iar 10,12% reprezint\u0103 \u015fomeri cu studii profesionale\/arte \u015fi meserii. Ponderea cea mai mica o au \u0219omerii cu studii universitare 1,07 % precum \u015fi cei cu studii postliceale: 0,3 %.<\/p>\n\n\n\n<p>&nbsp;&nbsp;&nbsp;&nbsp;&nbsp;&nbsp;&nbsp;&nbsp;&nbsp; Analiz\u00e2nd structura \u0219omajului \u00eenregistrat dup\u0103 mediul de reziden\u021b\u0103 \u0219i dup\u0103 nivelul de instruire se constat\u0103 c\u0103 81.81% din \u0219omeri provin din mediul rural \u0219i au o slab\u0103 preg\u0103tire profesional\u0103, 76,65% din num\u0103rul total de \u0219omeri au studii gimnaziale, primare sau nu au \u0219coal\u0103 absolvit\u0103.&nbsp; &nbsp;&nbsp;<\/p>\n\n\n\n<p>Structura \u0219omerilor \u00eenregistra\u021bi pe nivel de ocupabilitate, stabilit prin profilare, se prezint\u0103 astfel: 350 persoane foarte greu ocupabile, 4768 greu ocupabile, 4620 mediu ocupabile, iar 156 sunt persoane u\u0219or ocupabile. &nbsp;&nbsp;&nbsp;&nbsp;&nbsp; \u00cencadrarea&nbsp; \u00eentr-o categorie de ocupabilitate se realizeaz\u0103 ca urmare a activit\u0103\u0163ii de profilare a persoanelor \u00eenregistrate \u00een eviden\u0163ele noastre.<\/p>\n","protected":false},"excerpt":{"rendered":"<p>La sf\u00e2r\u0219itul lunii august, \u00een eviden\u021bele Agen\u021biei Jude\u021bene pentru Ocuparea For\u021bei de Munc\u0103 Teleorman erau \u00eenregistra\u0163i 9894 \u0219omeri (din care 4061 femei), rata \u0219omajului fiind de 9,12%. Comparativ cu luna<\/p>\n","protected":false},"author":259,"featured_media":4632,"comment_status":"closed","ping_status":"closed","sticky":false,"template":"","format":"standard","meta":{"footnotes":""},"categories":[9],"tags":[],"class_list":["post-5919","post","type-post","status-publish","format-standard","has-post-thumbnail","hentry","category-comunicate-de-presa"],"_links":{"self":[{"href":"https:\/\/www.anofm.ro\/teleorman\/wp-json\/wp\/v2\/posts\/5919","targetHints":{"allow":["GET"]}}],"collection":[{"href":"https:\/\/www.anofm.ro\/teleorman\/wp-json\/wp\/v2\/posts"}],"about":[{"href":"https:\/\/www.anofm.ro\/teleorman\/wp-json\/wp\/v2\/types\/post"}],"author":[{"embeddable":true,"href":"https:\/\/www.anofm.ro\/teleorman\/wp-json\/wp\/v2\/users\/259"}],"replies":[{"embeddable":true,"href":"https:\/\/www.anofm.ro\/teleorman\/wp-json\/wp\/v2\/comments?post=5919"}],"version-history":[{"count":1,"href":"https:\/\/www.anofm.ro\/teleorman\/wp-json\/wp\/v2\/posts\/5919\/revisions"}],"predecessor-version":[{"id":5920,"href":"https:\/\/www.anofm.ro\/teleorman\/wp-json\/wp\/v2\/posts\/5919\/revisions\/5920"}],"wp:featuredmedia":[{"embeddable":true,"href":"https:\/\/www.anofm.ro\/teleorman\/wp-json\/wp\/v2\/media\/4632"}],"wp:attachment":[{"href":"https:\/\/www.anofm.ro\/teleorman\/wp-json\/wp\/v2\/media?parent=5919"}],"wp:term":[{"taxonomy":"category","embeddable":true,"href":"https:\/\/www.anofm.ro\/teleorman\/wp-json\/wp\/v2\/categories?post=5919"},{"taxonomy":"post_tag","embeddable":true,"href":"https:\/\/www.anofm.ro\/teleorman\/wp-json\/wp\/v2\/tags?post=5919"}],"curies":[{"name":"wp","href":"https:\/\/api.w.org\/{rel}","templated":true}]}}