{"id":5861,"date":"2025-08-28T16:07:50","date_gmt":"2025-08-28T13:07:50","guid":{"rendered":"https:\/\/www.anofm.ro\/teleorman\/?p=5861"},"modified":"2025-08-29T10:52:20","modified_gmt":"2025-08-29T07:52:20","slug":"se-lanseaza-proiectul-valorificarea-potentialului-tinerilor-prin-centrul-pentru-tineret-teleorman","status":"publish","type":"post","link":"https:\/\/www.anofm.ro\/teleorman\/se-lanseaza-proiectul-valorificarea-potentialului-tinerilor-prin-centrul-pentru-tineret-teleorman\/","title":{"rendered":"Se lanseaz\u0103 proiectul \u201eValorificarea poten\u021bialului tinerilor prin Centrul pentru tineret Teleorman\u201d"},"content":{"rendered":"\n<p>Agen\u021bia Jude\u021bean\u0103 pentru Ocuparea For\u021bei de Munc\u0103 Teleorman, \u00een parteneriat cu <strong>Funda\u021bia Na\u021bional\u0103 pentru Tineret<\/strong>, anun\u021b\u0103 demararea proiectului <em>\u201eValorificarea poten\u021bialului tinerilor prin Centrul pentru tineret Teleorman\u201d<\/em>, finan\u021bat prin <strong>Programul Educa\u021bie \u0219i Ocupare 2021\u20132027<\/strong> \u2013 Fondul Social European+.<\/p>\n\n\n\n<p>Proiectul, cu o valoare total\u0103 de <strong>9.910.136,99 lei<\/strong>, se desf\u0103\u0219oar\u0103 \u00een perioada <strong>01 august 2025 \u2013 31 iulie 2028<\/strong> \u0219i are ca obiectiv principal <strong>\u00eembun\u0103t\u0103\u021birea accesului tinerilor la pia\u021ba muncii \u0219i dezvoltarea competen\u021belor lor prin activit\u0103\u021bi educative, culturale \u0219i sociale<\/strong>.<\/p>\n\n\n\n<p>\u00cen cadrul proiectului vor fi deschise \u0219i opera\u021bionalizate <strong>centre de tineret \u00een Ro\u0219iori de Vede, Zimnicea \u0219i Alexandria<\/strong>, care vor oferi servicii moderne, adaptate nevoilor tinerilor, inclusiv celor din categoria NEETs.<\/p>\n\n\n\n<p>Tinerii vor putea beneficia de:<\/p>\n\n\n\n<ul class=\"wp-block-list\">\n<li>activit\u0103\u021bi de consiliere \u0219i orientare profesional\u0103;<\/li>\n\n\n\n<li>ateliere de dezvoltare personal\u0103 \u0219i antreprenoriat;<\/li>\n\n\n\n<li>activit\u0103\u021bi culturale, recreative \u0219i sportive;<\/li>\n\n\n\n<li>campanii de informare \u0219i implicare civic\u0103.<\/li>\n<\/ul>\n\n\n\n<p>Prin aceast\u0103 ini\u021biativ\u0103, AJOFM Teleorman \u0219i Funda\u021bia Na\u021bional\u0103 pentru Tineret \u00ee\u0219i propun s\u0103 creeze un <strong>cadru de sprijin integrat pentru tineri<\/strong>, care s\u0103 contribuie la valorificarea poten\u021bialului lor \u0219i la integrarea durabil\u0103 pe pia\u021ba muncii.<\/p>\n\n\n\n<p>\u201eCredem \u00een energia \u0219i creativitatea tinerilor din jude\u021bul Teleorman. Prin acest proiect, le oferim resursele \u0219i spa\u021biile necesare pentru a-\u0219i construi un viitor mai bun, dar \u0219i pentru a deveni activi \u00een comunit\u0103\u021bile lor\u201d, a declarat reprezentantul AJOFM Teleorman.<\/p>\n","protected":false},"excerpt":{"rendered":"<p>Agen\u021bia Jude\u021bean\u0103 pentru Ocuparea For\u021bei de Munc\u0103 Teleorman, \u00een parteneriat cu Funda\u021bia Na\u021bional\u0103 pentru Tineret, anun\u021b\u0103 demararea proiectului \u201eValorificarea poten\u021bialului tinerilor prin Centrul pentru tineret Teleorman\u201d, finan\u021bat prin Programul Educa\u021bie<\/p>\n","protected":false},"author":259,"featured_media":5864,"comment_status":"closed","ping_status":"closed","sticky":false,"template":"","format":"standard","meta":{"footnotes":""},"categories":[9,32,31],"tags":[],"class_list":["post-5861","post","type-post","status-publish","format-standard","has-post-thumbnail","hentry","category-comunicate-de-presa","category-ultimele-noutati","category-ultimele-noutati-slider"],"_links":{"self":[{"href":"https:\/\/www.anofm.ro\/teleorman\/wp-json\/wp\/v2\/posts\/5861","targetHints":{"allow":["GET"]}}],"collection":[{"href":"https:\/\/www.anofm.ro\/teleorman\/wp-json\/wp\/v2\/posts"}],"about":[{"href":"https:\/\/www.anofm.ro\/teleorman\/wp-json\/wp\/v2\/types\/post"}],"author":[{"embeddable":true,"href":"https:\/\/www.anofm.ro\/teleorman\/wp-json\/wp\/v2\/users\/259"}],"replies":[{"embeddable":true,"href":"https:\/\/www.anofm.ro\/teleorman\/wp-json\/wp\/v2\/comments?post=5861"}],"version-history":[{"count":1,"href":"https:\/\/www.anofm.ro\/teleorman\/wp-json\/wp\/v2\/posts\/5861\/revisions"}],"predecessor-version":[{"id":5863,"href":"https:\/\/www.anofm.ro\/teleorman\/wp-json\/wp\/v2\/posts\/5861\/revisions\/5863"}],"wp:featuredmedia":[{"embeddable":true,"href":"https:\/\/www.anofm.ro\/teleorman\/wp-json\/wp\/v2\/media\/5864"}],"wp:attachment":[{"href":"https:\/\/www.anofm.ro\/teleorman\/wp-json\/wp\/v2\/media?parent=5861"}],"wp:term":[{"taxonomy":"category","embeddable":true,"href":"https:\/\/www.anofm.ro\/teleorman\/wp-json\/wp\/v2\/categories?post=5861"},{"taxonomy":"post_tag","embeddable":true,"href":"https:\/\/www.anofm.ro\/teleorman\/wp-json\/wp\/v2\/tags?post=5861"}],"curies":[{"name":"wp","href":"https:\/\/api.w.org\/{rel}","templated":true}]}}