{"id":5400,"date":"2025-05-20T11:01:27","date_gmt":"2025-05-20T08:01:27","guid":{"rendered":"https:\/\/www.anofm.ro\/teleorman\/?p=5400"},"modified":"2025-06-03T13:56:07","modified_gmt":"2025-06-03T10:56:07","slug":"noi-oportunitati-de-calificare-si-angajare-pentru-tinerii-din-judetul-teleorman","status":"publish","type":"post","link":"https:\/\/www.anofm.ro\/teleorman\/noi-oportunitati-de-calificare-si-angajare-pentru-tinerii-din-judetul-teleorman\/","title":{"rendered":"\u201cSTART &#8211; Investe\u0219te \u00een calificare pentru viitor!\u201d &#8211; Noi oportunit\u0103\u021bi de calificare \u0219i angajare pentru tinerii din jude\u021bul Teleorman"},"content":{"rendered":"\n<p><\/p>\n\n\n\n<p>Agen\u021bia Na\u021bional\u0103 pentru Ocuparea For\u021bei de Munc\u0103 (ANOFM) anun\u021b\u0103 demararea proiectului \u201cSTART &#8211; Investe\u0219te \u00een calificare pentru viitor!\u201d, cod proiect 337043, dedicat tinerilor cu v\u00e2rsta sub 30 de ani, inclusiv celor din categoria NEET (care nu urmeaz\u0103 niciun program de educa\u021bie, formare sau ocupare). Proiectul are ca scop dezvoltarea competen\u021belor profesionale \u0219i integrarea sustenabil\u0103 pe pia\u021ba muncii, inclusiv \u00een jude\u021bul Teleorman.<\/p>\n\n\n\n<p>Obiectivul general al proiectului este cre\u0219terea \u0219anselor de \u00eencadrare a 2.330 de \u0219omeri tineri \u00eenregistra\u021bi la Serviciul Public de Ocupare (SPO), prin programe de formare personalizate \u0219i sprijin direct pentru angajatori. Proiectul este implementat \u00een perioada ianuarie 2025 \u2013 decembrie 2029 \u0219i ofer\u0103 m\u0103suri integrate pentru angajarea tinerilor \u00een mod durabil.<\/p>\n\n\n\n<p><strong>Sprijin pentru angajatori \u0219i tineri<\/strong><\/p>\n\n\n\n<p>Angajatorii din jude\u021bul Teleorman care \u00eencheie contracte de ucenicie cu \u0219omeri tineri vor beneficia de sprijin financiar pentru formarea acestora. Astfel, tinerii vor dob\u00e2ndi competen\u021be profesionale adaptate nevoilor pie\u021bei muncii, corespunz\u0103toare calific\u0103rilor de nivel 1 (6 luni), nivel 2 (12 luni), nivel 3 (24 luni) sau nivel 4 (36 luni). Aceast\u0103 m\u0103sur\u0103 este reglementat\u0103 de Legea nr. 76\/2002 privind bugetul asigur\u0103rilor pentru \u0219omaj \u0219i stimularea ocup\u0103rii for\u021bei de munc\u0103, precum \u0219i de Legea nr. 279\/2005 privind ucenicia la locul de munc\u0103, cu modific\u0103rile \u0219i complet\u0103rile ulterioare.<\/p>\n\n\n\n<p><strong>Implementare \u00een jude\u021bul Teleorman<\/strong><\/p>\n\n\n\n<p>Proiectul va fi derulat \u0219i &nbsp;\u00een jude\u021bul Teleorman prin Agen\u021bia Jude\u021bean\u0103 pentru Ocuparea For\u021bei de Munc\u0103 Teleorman, parte a re\u021belei SPO. Teleorm\u0103nenii tineri vor avea astfel acces la cursuri \u0219i programe de calificare relevante, care s\u0103 le sporeasc\u0103 \u0219ansele de angajare pe termen lung.<\/p>\n\n\n\n<p>Valoarea total\u0103 a proiectului este de 149.180.919,00 lei, din care 120.050.917,07 lei reprezint\u0103 cofinan\u021barea Uniunii Europene.<\/p>\n\n\n\n<hr class=\"wp-block-separator has-alpha-channel-opacity\" \/>\n\n\n\n<p><strong>Ce beneficii aduce START?<\/strong><\/p>\n\n\n\n<p>&#x2714;&#xfe0f; <strong>Calificare profesional\u0103 adaptat\u0103 cerin\u021belor locale ale pie\u021bei muncii<\/strong><br>&#x2714;&#xfe0f; <strong>Oportunit\u0103\u021bi reale de angajare pentru \u0219omeri<\/strong><br>&#x2714;&#xfe0f; <strong>Sprijin financiar pentru angajatori<\/strong>:\u2013 <strong>2.250 lei\/lun\u0103<\/strong> pentru fiecare <strong>ucenic<\/strong>, conform Legii nr. 279\/2005(suma se acord\u0103 propor\u021bional cu timpul efectiv lucrat, inclusiv \u00een perioada concediului de odihn\u0103)<br>&#x2714;&#xfe0f; <strong>Reducerea \u0219omajului \u0219i cre\u0219terea gradului de ocupare \u00een jude\u021b<\/strong><\/p>\n\n\n\n<hr class=\"wp-block-separator has-alpha-channel-opacity\" \/>\n\n\n\n<p><strong>Ce este contractul de ucenicie?<\/strong><\/p>\n\n\n\n<p>Este un <strong>contract individual de munc\u0103 pe durat\u0103 determinat\u0103<\/strong>, \u00een care <strong>ucenicul se angajeaz\u0103 s\u0103 se formeze profesional<\/strong>, iar angajatorul asigur\u0103 <strong>salariul \u0219i condi\u021biile necesare instruirii<\/strong>. Pentru a beneficia de subven\u021bie, angajatorul trebuie s\u0103 \u00eencheie o <strong>conven\u021bie cu AJOFM Teleorman<\/strong>, \u00een termen de <strong>60 de zile lucr\u0103toare<\/strong> de la expirarea perioadei de prob\u0103, conform HG nr. 855\/2013.<\/p>\n\n\n\n<hr class=\"wp-block-separator has-alpha-channel-opacity\" \/>\n\n\n\n<p><strong>Pa\u0219ii pentru angajatori \u0219i \u0219omeri \u00een jude\u021bul Teleorman:<\/strong><\/p>\n\n\n\n<ol start=\"1\" class=\"wp-block-list\">\n<li><strong>Declararea locurilor vacante<\/strong> \u2013 Angajatorii notific\u0103 AJOFM despre posturile disponibile, inclusiv cele pentru ucenicie.<\/li>\n\n\n\n<li><strong>Organizarea programului<\/strong> \u2013 Se colaboreaz\u0103 cu un furnizor acreditat de formare profesional\u0103 sau angajatorul se poate acredita.<\/li>\n\n\n\n<li><strong>\u00censcrierea \u0219omerului<\/strong> \u2013 Persoana interesat\u0103 se \u00eenregistreaz\u0103 la sediul <strong>AJOFM Teleorman<\/strong> cu actele necesare.<\/li>\n\n\n\n<li><strong>Consiliere \u0219i mediere<\/strong> \u2013 AJOFM ofer\u0103 informare \u0219i recomand\u0103ri pentru ocuparea unui post de ucenicie.<\/li>\n\n\n\n<li><strong>Cerere pentru ucenicie<\/strong> \u2013 \u0218omerul completeaz\u0103 o cerere pentru domeniul dorit.<\/li>\n\n\n\n<li><strong>Repartizare<\/strong> \u2013 Persoana este direc\u021bionat\u0103 c\u0103tre angajatori eligibili.<\/li>\n\n\n\n<li><strong>Selectare \u0219i semnare contract<\/strong> \u2013 Angajatorul \u0219i candidatul \u00eencheie contractul de ucenicie.<\/li>\n\n\n\n<li><strong>\u00cenceperea activit\u0103\u021bii<\/strong> \u2013 Contractul este \u00eenregistrat la ITM \u0219i ucenicul \u00eencepe activitatea.<\/li>\n\n\n\n<li><strong>Solicitarea subven\u021biei<\/strong> \u2013 Angajatorul aplic\u0103 online \u00een platforma <strong>PULS<\/strong> \u0219i semneaz\u0103 conven\u021bia cu AJOFM Teleorman.<\/li>\n\n\n\n<li><strong>Plata subven\u021biei<\/strong> \u2013 Se efectueaz\u0103 lunar, pe baza documentelor transmise p\u00e2n\u0103 pe 25 ale lunii urm\u0103toare.<\/li>\n<\/ol>\n\n\n\n<hr class=\"wp-block-separator has-alpha-channel-opacity\" \/>\n\n\n\n<p>&#x1f4cd; <strong>AJOFM Teleorman<\/strong> v\u0103 \u00eencurajeaz\u0103 s\u0103 profita\u021bi de aceast\u0103 oportunitate, fie c\u0103 sunte\u021bi \u00een c\u0103utarea unui loc de munc\u0103, fie c\u0103 sunte\u021bi angajator \u0219i dori\u021bi s\u0103 contribui\u021bi la formarea unei noi genera\u021bii de profesioni\u0219ti locali.<\/p>\n\n\n\n<p>&#x1f4de; Pentru mai multe informa\u021bii, v\u0103 a\u0219tept\u0103m la sediul nostru sau ne pute\u021bi contacta telefonic.<\/p>\n","protected":false},"excerpt":{"rendered":"<p>Agen\u021bia Na\u021bional\u0103 pentru Ocuparea For\u021bei de Munc\u0103 (ANOFM) anun\u021b\u0103 demararea proiectului \u201cSTART &#8211; Investe\u0219te \u00een calificare pentru viitor!\u201d, cod proiect 337043, dedicat tinerilor cu v\u00e2rsta sub 30 de ani, inclusiv<\/p>\n","protected":false},"author":259,"featured_media":5410,"comment_status":"closed","ping_status":"closed","sticky":false,"template":"","format":"standard","meta":{"footnotes":""},"categories":[9],"tags":[],"class_list":["post-5400","post","type-post","status-publish","format-standard","has-post-thumbnail","hentry","category-comunicate-de-presa"],"_links":{"self":[{"href":"https:\/\/www.anofm.ro\/teleorman\/wp-json\/wp\/v2\/posts\/5400","targetHints":{"allow":["GET"]}}],"collection":[{"href":"https:\/\/www.anofm.ro\/teleorman\/wp-json\/wp\/v2\/posts"}],"about":[{"href":"https:\/\/www.anofm.ro\/teleorman\/wp-json\/wp\/v2\/types\/post"}],"author":[{"embeddable":true,"href":"https:\/\/www.anofm.ro\/teleorman\/wp-json\/wp\/v2\/users\/259"}],"replies":[{"embeddable":true,"href":"https:\/\/www.anofm.ro\/teleorman\/wp-json\/wp\/v2\/comments?post=5400"}],"version-history":[{"count":2,"href":"https:\/\/www.anofm.ro\/teleorman\/wp-json\/wp\/v2\/posts\/5400\/revisions"}],"predecessor-version":[{"id":5412,"href":"https:\/\/www.anofm.ro\/teleorman\/wp-json\/wp\/v2\/posts\/5400\/revisions\/5412"}],"wp:featuredmedia":[{"embeddable":true,"href":"https:\/\/www.anofm.ro\/teleorman\/wp-json\/wp\/v2\/media\/5410"}],"wp:attachment":[{"href":"https:\/\/www.anofm.ro\/teleorman\/wp-json\/wp\/v2\/media?parent=5400"}],"wp:term":[{"taxonomy":"category","embeddable":true,"href":"https:\/\/www.anofm.ro\/teleorman\/wp-json\/wp\/v2\/categories?post=5400"},{"taxonomy":"post_tag","embeddable":true,"href":"https:\/\/www.anofm.ro\/teleorman\/wp-json\/wp\/v2\/tags?post=5400"}],"curies":[{"name":"wp","href":"https:\/\/api.w.org\/{rel}","templated":true}]}}