{"id":5391,"date":"2025-05-29T11:52:02","date_gmt":"2025-05-29T08:52:02","guid":{"rendered":"https:\/\/www.anofm.ro\/teleorman\/?p=5391"},"modified":"2025-06-02T11:53:20","modified_gmt":"2025-06-02T08:53:20","slug":"luna-mai-a-fiecarui-an-este-declarata-luna-promovarii-economiei-sociale-4","status":"publish","type":"post","link":"https:\/\/www.anofm.ro\/teleorman\/luna-mai-a-fiecarui-an-este-declarata-luna-promovarii-economiei-sociale-4\/","title":{"rendered":"Luna MAI a fiec\u0103rui an este declarat\u0103 \u201cLUNA PROMOV\u0102RII ECONOMIEI SOCIALE\u201d."},"content":{"rendered":"\n<p><\/p>\n\n\n\n<p><strong>\u00cen fiecare an, luna Mai marcheaz\u0103 un moment important pentru economia social\u0103, fiind dedicat\u0103 promov\u0103rii \u0219i sprijinirii ini\u021biativelor care aduc beneficii comunit\u0103\u021bilor \u0219i persoanelor vulnerabile. \u00cen acest context, Agen\u021bia Jude\u021bean\u0103 pentru Ocuparea For\u021bei de Munc\u0103 Teleorman \u00ee\u0219i reafirm\u0103 angajamentul fa\u021b\u0103 de dezvoltarea \u0219i sus\u021binerea economiei sociale prin intermediul Compartimentului Economie Social\u0103.<\/strong><\/p>\n\n\n\n<p><strong>Compartimentul Economie Social\u0103 func\u021bioneaz\u0103 \u00een cadrul Agen\u021biei Jude\u021bene pentru Ocuparea For\u021bei de Munc\u0103 Teleorman \u0219i faciliteaz\u0103 atestarea \u00eentreprinderilor de economie social\u0103 conform prevederilor Legii nr. 219\/2015 privind economia social\u0103. \u00cen conformitate cu aceast\u0103 lege, economia social\u0103 este definit\u0103 ca un ansamblu de activit\u0103\u021bi organizate independent de sectorul public, av\u00e2nd ca scop servirea interesului general \u0219i al colectivit\u0103\u021bilor, precum \u0219i sprijinirea persoanelor din grupuri vulnerabile.<\/strong><\/p>\n\n\n\n<p><strong>Economia social\u0103 contribuie la dezvoltarea comunit\u0103\u021bilor locale prin crearea de locuri de munc\u0103 \u0219i implicarea activ\u0103 a persoanelor vulnerabile \u00een activit\u0103\u021bi cu caracter social \u0219i economic. \u00centreprinderile sociale sunt un exemplu concret \u00een acest sens, unde 90% din c\u00e2\u0219tigurile ob\u021binute sunt reinvestite \u00een activit\u0103\u021bi cu caracter social sau care implic\u0103 direct persoanele vulnerabile.<\/strong><\/p>\n\n\n\n<p><strong>Scopurile economiei sociale sunt multiple \u0219i includ consolidarea coeziunii economice \u0219i sociale, ocuparea for\u021bei de munc\u0103 \u0219i dezvoltarea serviciilor sociale. \u00cen plus, activit\u0103\u021bile de interes general ale entit\u0103\u021bilor de economie social\u0103 se concentreaz\u0103 pe producerea de bunuri \u0219i prestarea de servicii care contribuie la bun\u0103starea comunit\u0103\u021bii \u0219i la \u00eencadrarea persoanelor vulnerabile pe pia\u021ba muncii.<\/strong><\/p>\n\n\n\n<p>Pentru a promova \u0219i sus\u021bine aceast\u0103 form\u0103 de economie, Agen\u021bia Jude\u021bean\u0103 pentru Ocuparea For\u021bei de Munc\u0103 Teleorman a ini\u021biat ac\u021biuni de informare, mediatizare \u0219i promovare a domeniului economiei sociale, av\u00e2nd ca scop dezvoltarea local\u0103 \u015fi cooperarea \u015fi solidaritatea social\u0103 prin cre\u015fterea nivelului de \u00een\u0163elegere \u015fi con\u015ftientizare a oportunit\u0103\u0163ilor \u015fi contribu\u0163iilor acestui domeniu la prevenirea \u015fi combaterea riscului de excluziune social\u0103.<\/p>\n\n\n\n<p>\u00cen cadrul Mesei rotunde, \u00eent\u00e2lnire organizat\u0103 mar\u021bi, 27 mai, la sediul AJOFM Teleorman, eveniment anual dedicat economiei sociale, au participat antreprenori din jude\u021bul Teleorman care activeaz\u0103 \u00een acest domeniu.<\/p>\n\n\n\n<p>&nbsp;\u00cen preambulul acestei \u00eent\u00e2lniri a fost prezentat un material de informare referitor la rolul \u0219i importan\u021ba economiei sociale, domeniu al c\u0103rui scop principal este combaterea s\u0103r\u0103ciei \u0219i a marginaliz\u0103rii sociale, contribuind la reducerea \u0219omajului prin crearea de locuri de munc\u0103, cu prec\u0103dere pentru persoanele care fac poarte din grupurile vulnerabile prin reintegrare socio-profesional\u0103.<\/p>\n\n\n\n<p>Mesajul principal al acestei \u00eent\u00e2lniri a vizat faptul c\u0103 economia social\u0103 se concentreaz\u0103 pe valorificarea poten\u021bialului uman, cu prec\u0103dere cel care provine din grupul vulnerabil socio-educa\u021bional, c\u00e2t \u0219i pe dezvoltarea comunit\u0103\u021bilor locale. Astfel, s-a pus accent pe rolul \u0219i importan\u021ba \u00eentreprinderilor sociale, respectiv pe eficientizarea instrumentelor de afaceri folosite \u00een producerea \u0219i v\u00e2nzarea de produse \u0219i servicii, cu scopul de a genera profit suficient pentru a putea acoperi costurile \u0219i, implicit, pentru a avea resursele necesare realiz\u0103rii scopului social.<\/p>\n\n\n\n<p>La nivel legislativ interven\u021biile privind acest domeniu economic au ca scop diversificarea facilit\u0103\u021bilor fiscale \u0219i de achizi\u021bii publice care s\u0103 stimuleze start-up-uri inovatoare de economie social\u0103, grupuri de economie social\u0103, acceleratoare \u0219i incubatoare de proiecte antreprenoriale pe economie social\u0103, cu impact social de reducere a \u0219omajului, potrivit HG 876\/2022, care s\u0103 fie sprijinite prin PNRR, \u00een&nbsp;perioada 2021-2027, cu fonduri europene.<\/p>\n\n\n\n<p>Pentru informa\u021bii suplimentare, v\u0103 rug\u0103m s\u0103 contacta\u021bi Agen\u021bia Jude\u021bean\u0103 pentru Ocuparea For\u021bei de Munc\u0103 Teleorman la adresa str. Dun\u0103rii, nr. 1, Alexandria, jud. Teleorman, telefon: 0247\/310155.<\/p>\n","protected":false},"excerpt":{"rendered":"<p>\u00cen fiecare an, luna Mai marcheaz\u0103 un moment important pentru economia social\u0103, fiind dedicat\u0103 promov\u0103rii \u0219i sprijinirii ini\u021biativelor care aduc beneficii comunit\u0103\u021bilor \u0219i persoanelor vulnerabile. \u00cen acest context, Agen\u021bia Jude\u021bean\u0103<\/p>\n","protected":false},"author":259,"featured_media":0,"comment_status":"closed","ping_status":"closed","sticky":false,"template":"","format":"standard","meta":{"footnotes":""},"categories":[9],"tags":[],"class_list":["post-5391","post","type-post","status-publish","format-standard","hentry","category-comunicate-de-presa"],"_links":{"self":[{"href":"https:\/\/www.anofm.ro\/teleorman\/wp-json\/wp\/v2\/posts\/5391","targetHints":{"allow":["GET"]}}],"collection":[{"href":"https:\/\/www.anofm.ro\/teleorman\/wp-json\/wp\/v2\/posts"}],"about":[{"href":"https:\/\/www.anofm.ro\/teleorman\/wp-json\/wp\/v2\/types\/post"}],"author":[{"embeddable":true,"href":"https:\/\/www.anofm.ro\/teleorman\/wp-json\/wp\/v2\/users\/259"}],"replies":[{"embeddable":true,"href":"https:\/\/www.anofm.ro\/teleorman\/wp-json\/wp\/v2\/comments?post=5391"}],"version-history":[{"count":1,"href":"https:\/\/www.anofm.ro\/teleorman\/wp-json\/wp\/v2\/posts\/5391\/revisions"}],"predecessor-version":[{"id":5392,"href":"https:\/\/www.anofm.ro\/teleorman\/wp-json\/wp\/v2\/posts\/5391\/revisions\/5392"}],"wp:attachment":[{"href":"https:\/\/www.anofm.ro\/teleorman\/wp-json\/wp\/v2\/media?parent=5391"}],"wp:term":[{"taxonomy":"category","embeddable":true,"href":"https:\/\/www.anofm.ro\/teleorman\/wp-json\/wp\/v2\/categories?post=5391"},{"taxonomy":"post_tag","embeddable":true,"href":"https:\/\/www.anofm.ro\/teleorman\/wp-json\/wp\/v2\/tags?post=5391"}],"curies":[{"name":"wp","href":"https:\/\/api.w.org\/{rel}","templated":true}]}}