{"id":523,"date":"2022-06-03T00:00:00","date_gmt":"2022-06-02T21:00:00","guid":{"rendered":"https:\/\/www.anofm.ro\/teleorman\/relatia-spo-cu-angajatorii-espor-2\/"},"modified":"2022-06-03T00:00:00","modified_gmt":"2022-06-02T21:00:00","slug":"relatia-spo-cu-angajatorii-espor-2","status":"publish","type":"post","link":"https:\/\/www.anofm.ro\/teleorman\/relatia-spo-cu-angajatorii-espor-2\/","title":{"rendered":"Rela\u021bia SPO cu angajatorii &#8211; eSPOR"},"content":{"rendered":"<p>Agen\u0163ia Na\u0163ional\u0103 pentru Ocuparea For\u0163ei de Munc\u0103 (ANOFM), \u00eempreun\u0103 cu Centrul Na\u021bional de Formare Profesional\u0103 a Personalului Propriu R\u00e2\u0219nov (CNFPPP R\u00e2\u0219nov) \u0219i cu sprijinul agen\u0163iilor jude\u021bene pentru ocuparea for\u0163ei de munc\u0103 din toate regiunile de dezvoltare ale Rom\u00e2niei, implementeaz\u0103 pe o perioad\u0103 de 36 de luni proiectul \u201eRela\u021bia SPO cu angajatorii &#8211; eSPOR\u201d \u2013 proiect cofinan\u021bat din Fondul Social European (FSE) prin Programul Opera\u021bional Capital Uman 2014-2020 (POCU)<\/p>\n<p>Scopul proiectului este crearea unei Platforme Unice de Livrare a Serviciilor (PULS), \u00een care vor fi integrate toate serviciile dedicate angajatorilor, facilit\u00e2ndu-se, astfel, interac\u021biunea acestora cu agen\u021biile teritoriale pentru ocuparea for\u021bei de munc\u0103, \u00een special prin cre\u0219terea eficien\u021bei \u00een cadrul activit\u0103\u021bii de depunere a documentelor, reduc\u00e2ndu-se, substan\u021bial, timpul alocat acestei activit\u0103\u021bi.<\/p>\n<div class=\"file-list-wrap\">\n<ul class=\"file-list\">\n<li><a href=\"\/upload2\/Teleorman\/21143\/pliant_OK_-_iunie_2022.pdf\" download>pliant_OK_-_iunie_2022.pdf<\/a><\/li>\n<\/ul>\n<\/div>\n","protected":false},"excerpt":{"rendered":"<p>Agen\u0163ia Na\u0163ional\u0103 pentru Ocuparea For\u0163ei de Munc\u0103 (ANOFM), \u00eempreun\u0103 cu Centrul Na\u021bional de Formare Profesional\u0103 a Personalului Propriu R\u00e2\u0219nov (CNFPPP R\u00e2\u0219nov) \u0219i cu sprijinul agen\u0163iilor jude\u021bene pentru ocuparea for\u0163ei de<\/p>\n","protected":false},"author":0,"featured_media":0,"comment_status":"closed","ping_status":"closed","sticky":false,"template":"","format":"standard","meta":{"footnotes":""},"categories":[20],"tags":[],"class_list":["post-523","post","type-post","status-publish","format-standard","hentry","category-proiecte"],"_links":{"self":[{"href":"https:\/\/www.anofm.ro\/teleorman\/wp-json\/wp\/v2\/posts\/523","targetHints":{"allow":["GET"]}}],"collection":[{"href":"https:\/\/www.anofm.ro\/teleorman\/wp-json\/wp\/v2\/posts"}],"about":[{"href":"https:\/\/www.anofm.ro\/teleorman\/wp-json\/wp\/v2\/types\/post"}],"replies":[{"embeddable":true,"href":"https:\/\/www.anofm.ro\/teleorman\/wp-json\/wp\/v2\/comments?post=523"}],"version-history":[{"count":0,"href":"https:\/\/www.anofm.ro\/teleorman\/wp-json\/wp\/v2\/posts\/523\/revisions"}],"wp:attachment":[{"href":"https:\/\/www.anofm.ro\/teleorman\/wp-json\/wp\/v2\/media?parent=523"}],"wp:term":[{"taxonomy":"category","embeddable":true,"href":"https:\/\/www.anofm.ro\/teleorman\/wp-json\/wp\/v2\/categories?post=523"},{"taxonomy":"post_tag","embeddable":true,"href":"https:\/\/www.anofm.ro\/teleorman\/wp-json\/wp\/v2\/tags?post=523"}],"curies":[{"name":"wp","href":"https:\/\/api.w.org\/{rel}","templated":true}]}}