{"id":5130,"date":"2025-03-31T13:55:42","date_gmt":"2025-03-31T10:55:42","guid":{"rendered":"https:\/\/www.anofm.ro\/teleorman\/?p=5130"},"modified":"2025-04-01T13:58:44","modified_gmt":"2025-04-01T10:58:44","slug":"rezultatele-implementarii-programului-de-ocupare-a-fortei-de-munca-si-al-planului-de-formare-profesionala-al-ajofm-teleorman-2","status":"publish","type":"post","link":"https:\/\/www.anofm.ro\/teleorman\/rezultatele-implementarii-programului-de-ocupare-a-fortei-de-munca-si-al-planului-de-formare-profesionala-al-ajofm-teleorman-2\/","title":{"rendered":"Rezultatele implement\u0103rii Programului de ocupare a for\u0163ei de munc\u0103 SI AL PLANULUI DE FORMARE PROFESIONAL\u0102 al AJOFM Teleorman"},"content":{"rendered":"\n<p>Activitatea de ocupare a persoanelor \u00een c\u0103utarea unui loc de munc\u0103 se desf\u0103\u0219oar\u0103 pe baza Programului na\u021bional pentru ocuparea for\u021bei de munc\u0103 elaborat anual de c\u0103tre Agen\u021bia Na\u021bional\u0103 pentru Ocuparea For\u021bei de Munc\u0103 \u0219i aprobat de Ministerul Muncii \u0219i Solidarit\u0103\u021bii Sociale.<\/p>\n\n\n\n<p>Obiectivul general al Programului jude\u021bean pentru ocuparea for\u021bei de munc\u0103 \u00een anul 2025 este \u00eencadrarea \u00een munc\u0103 a cel pu\u021bin 5.300 persoane.<\/p>\n\n\n\n<p>Ca urmare a implement\u0103rii programului de ocupare, \u00een perioada ianuarie-februarie 2025, au fost \u00eencadrate \u00een munc\u0103 un num\u0103r de 590 de persoane (11.1%).<\/p>\n\n\n\n<p>Dintre acestia:<\/p>\n\n\n\n<ul class=\"wp-block-list\">\n<li>\u00a0<a>4 \u0219omeri au fost angaja\u021bi \u00een urma cursurilor de formare profesional\u0103 organizate;<\/a><\/li>\n\n\n\n<li>73 de \u0219omeri prin m\u0103suri de stimulare-facilit\u0103\u021bi acordate \u0219omerilor:<ul><li>41 \u0219omeri indemniza\u021bi au beneficiat de aloca\u021bii pentru angajare \u00eenainte de expirarea perioadei de indemnizare;<\/li><\/ul><ul><li>\u00a0\u00a07 \u0219omeri neindemniza\u021bi au primit prim\u0103 de activare;<\/li><\/ul>\n<ul class=\"wp-block-list\">\n<li>25 \u0219omeri au fost angaja\u021bi prin stimularea mobilit\u0103\u021bii for\u021bei de munc\u0103;<\/li>\n<\/ul>\n<\/li>\n<\/ul>\n\n\n\n<p>Pentru cre\u0219terea \u0219i diversificarea competen\u021belor profesionale \u00een scopul asigur\u0103rii mobilit\u0103\u021bii \u0219i reintegr\u0103rii pe pia\u021ba muncii a persoanelor \u00een c\u0103utarea unui loc de munc\u0103, AJOFM Teleorman are prev\u0103zut, prin Planul jude\u021bean de formare profesional\u0103 pe anul 2025 estimeaz\u0103 organizarea a 29 programe de formare profesional\u0103 pentru formarea a 406 \u0219omeri. Formarea profesional\u0103 a persoanelor \u00een c\u0103utarea unui loc de munc\u0103 se organizeaz\u0103, conform legii, prin programe de ini\u021biere, calificare, recalificare, perfec\u021bionare, specializare.<\/p>\n\n\n\n<p><a>Ca urmare a implement\u0103rii programului de formare profesional\u0103, \u00een perioada ianuarie &#8211; februarie 2025, au fost \u00eenscrise la cursuri un num\u0103r de 46 persoane, \u00een 4 ocupa\u021bii. \u00cen luna curent\u0103, nu a fost \u00eenregistrat\u0103 nicio persoan\u0103 nou\u0103.<\/a><\/p>\n","protected":false},"excerpt":{"rendered":"<p>Activitatea de ocupare a persoanelor \u00een c\u0103utarea unui loc de munc\u0103 se desf\u0103\u0219oar\u0103 pe baza Programului na\u021bional pentru ocuparea for\u021bei de munc\u0103 elaborat anual de c\u0103tre Agen\u021bia Na\u021bional\u0103 pentru Ocuparea<\/p>\n","protected":false},"author":259,"featured_media":0,"comment_status":"closed","ping_status":"closed","sticky":false,"template":"","format":"standard","meta":{"footnotes":""},"categories":[9,32,31],"tags":[],"class_list":["post-5130","post","type-post","status-publish","format-standard","hentry","category-comunicate-de-presa","category-ultimele-noutati","category-ultimele-noutati-slider"],"_links":{"self":[{"href":"https:\/\/www.anofm.ro\/teleorman\/wp-json\/wp\/v2\/posts\/5130","targetHints":{"allow":["GET"]}}],"collection":[{"href":"https:\/\/www.anofm.ro\/teleorman\/wp-json\/wp\/v2\/posts"}],"about":[{"href":"https:\/\/www.anofm.ro\/teleorman\/wp-json\/wp\/v2\/types\/post"}],"author":[{"embeddable":true,"href":"https:\/\/www.anofm.ro\/teleorman\/wp-json\/wp\/v2\/users\/259"}],"replies":[{"embeddable":true,"href":"https:\/\/www.anofm.ro\/teleorman\/wp-json\/wp\/v2\/comments?post=5130"}],"version-history":[{"count":1,"href":"https:\/\/www.anofm.ro\/teleorman\/wp-json\/wp\/v2\/posts\/5130\/revisions"}],"predecessor-version":[{"id":5131,"href":"https:\/\/www.anofm.ro\/teleorman\/wp-json\/wp\/v2\/posts\/5130\/revisions\/5131"}],"wp:attachment":[{"href":"https:\/\/www.anofm.ro\/teleorman\/wp-json\/wp\/v2\/media?parent=5130"}],"wp:term":[{"taxonomy":"category","embeddable":true,"href":"https:\/\/www.anofm.ro\/teleorman\/wp-json\/wp\/v2\/categories?post=5130"},{"taxonomy":"post_tag","embeddable":true,"href":"https:\/\/www.anofm.ro\/teleorman\/wp-json\/wp\/v2\/tags?post=5130"}],"curies":[{"name":"wp","href":"https:\/\/api.w.org\/{rel}","templated":true}]}}