{"id":5055,"date":"2025-03-05T13:31:09","date_gmt":"2025-03-05T11:31:09","guid":{"rendered":"https:\/\/www.anofm.ro\/teleorman\/?p=5055"},"modified":"2025-03-05T13:31:09","modified_gmt":"2025-03-05T11:31:09","slug":"tine-pasul-si-urmareste-ti-obiectivele-2","status":"publish","type":"post","link":"https:\/\/www.anofm.ro\/teleorman\/tine-pasul-si-urmareste-ti-obiectivele-2\/","title":{"rendered":"\u201e\u021aine pasul \u0219i urm\u0103re\u0219te-\u021bi obiectivele\u201d"},"content":{"rendered":"\n<p><\/p>\n\n\n\n<p><\/p>\n\n\n\n<p>IOANIDA TURISM S.R.L., \u00een parteneriat cu Agen\u021bia Jude\u021bean\u0103 pentru Ocuparea For\u021bei de Munc\u0103 Teleorman, anun\u021b\u0103 desf\u0103\u0219urarea proiectului <strong>\u201e\u021aine pasul \u0219i urm\u0103re\u0219te-\u021bi obiectivele\u201d<\/strong>, o ini\u021biativ\u0103 finan\u021bat\u0103 prin <strong>Fondul Social European+<\/strong>, menit\u0103 s\u0103 sprijine dezvoltarea profesional\u0103 a angaja\u021bilor din jude\u021bul Teleorman.<\/p>\n\n\n\n<p>Acest proiect ofer\u0103 oportunit\u0103\u021bi de formare profesional\u0103 \u0219i recalificare pentru angaja\u021bi, contribuind la \u00eembun\u0103t\u0103\u021birea competen\u021belor acestora \u0219i la adaptarea lor la cerin\u021bele pie\u021bei muncii.<\/p>\n\n\n\n<p><strong>Obiectivele proiectului<\/strong><\/p>\n\n\n\n<ul class=\"wp-block-list\">\n<li>Formarea profesional\u0103 a 616 angaja\u021bi, cu v\u00e2rste cuprinse \u00eentre 18 \u0219i 65 de ani, prin cursuri specializate.<\/li>\n\n\n\n<li>Facilitarea accesului la cursuri de recalificare pentru angaja\u021bi proveni\u021bi din diverse domenii.<\/li>\n\n\n\n<li>Cre\u0219terea gradului de con\u0219tientizare privind importan\u021ba form\u0103rii continue, printr-o campanie de informare adresat\u0103 unui num\u0103r de cel pu\u021bin 900 de persoane.<\/li>\n\n\n\n<li>Sprijinirea tranzi\u021biilor profesionale \u0219i mobilit\u0103\u021bii for\u021bei de munc\u0103.<\/li>\n<\/ul>\n\n\n\n<p><strong>Beneficiile particip\u0103rii<\/strong><\/p>\n\n\n\n<ul class=\"wp-block-list\">\n<li>Dezvoltarea competen\u021belor necesare pentru adaptarea la noile tendin\u021be tehnologice \u0219i economice.<\/li>\n\n\n\n<li>Acces gratuit la programe de formare profesional\u0103 recunoscute la nivel na\u021bional.<\/li>\n\n\n\n<li>Cre\u0219terea \u0219anselor de promovare profesional\u0103 \u0219i ob\u021binerea unui loc de munc\u0103 mai bine pl\u0103tit.<\/li>\n\n\n\n<li>Asisten\u021b\u0103 prin consiliere profesional\u0103.<\/li>\n\n\n\n<li>Crearea unui mediu favorabil dezvolt\u0103rii carierei \u0219i networking-ului profesional.<\/li>\n<\/ul>\n\n\n\n<p><strong>Cui se adreseaz\u0103?<\/strong><\/p>\n\n\n\n<p>Proiectul se adreseaz\u0103 angaja\u021bilor cu contract individual de munc\u0103 (norm\u0103 \u00eentreag\u0103 sau timp par\u021bial) din Regiunea Sud-Muntenia, care doresc s\u0103-\u0219i dezvolte competen\u021bele pentru a r\u0103spunde mai bine cerin\u021belor actuale ale pie\u021bei muncii.<\/p>\n\n\n\n<p><strong>Domenii de formare<\/strong> Programele de formare disponibile sunt:<\/p>\n\n\n\n<ul class=\"wp-block-list\">\n<li>Ini\u021biere TIC<\/li>\n\n\n\n<li>Administrare pensiuni turistice<\/li>\n\n\n\n<li>Lucr\u0103tor commercial<\/li>\n\n\n\n<li>Patiserie<\/li>\n<\/ul>\n\n\n\n<p>Mai multe informa\u021bii pot fi ob\u021binute prin contactarea echipei de implementare a proiectului.<\/p>\n\n\n\n<p>Persoanele interesate pot ob\u021bine informa\u021bii la sediul <strong>Agen\u021biei Jude\u021bene pentru Ocuparea For\u021bei de Munc\u0103 Teleorman.<\/strong><\/p>\n\n\n\n<p>\u201e\u021aine pasul \u0219i urm\u0103re\u0219te-\u021bi obiectivele\u201d este un proiect care ofer\u0103 o oportunitate unic\u0103 pentru dezvoltarea profesional\u0103 \u0219i cre\u0219terea competitivit\u0103\u021bii pe pia\u021ba muncii. Participarea la aceste cursuri poate fi un pas esen\u021bial pentru asigurarea unui viitor profesional solid \u0219i adaptat cerin\u021belor actuale.<\/p>\n\n\n\n<p><strong>Nu rata \u0219ansa de a \u00eenv\u0103\u021ba, de a te perfec\u021biona \u0219i de a-\u021bi atinge obiectivele profesionale!<\/strong><\/p>\n","protected":false},"excerpt":{"rendered":"<p>IOANIDA TURISM S.R.L., \u00een parteneriat cu Agen\u021bia Jude\u021bean\u0103 pentru Ocuparea For\u021bei de Munc\u0103 Teleorman, anun\u021b\u0103 desf\u0103\u0219urarea proiectului \u201e\u021aine pasul \u0219i urm\u0103re\u0219te-\u021bi obiectivele\u201d, o ini\u021biativ\u0103 finan\u021bat\u0103 prin Fondul Social European+, menit\u0103<\/p>\n","protected":false},"author":259,"featured_media":0,"comment_status":"closed","ping_status":"closed","sticky":false,"template":"","format":"standard","meta":{"footnotes":""},"categories":[20,32,31],"tags":[],"class_list":["post-5055","post","type-post","status-publish","format-standard","hentry","category-proiecte","category-ultimele-noutati","category-ultimele-noutati-slider"],"_links":{"self":[{"href":"https:\/\/www.anofm.ro\/teleorman\/wp-json\/wp\/v2\/posts\/5055","targetHints":{"allow":["GET"]}}],"collection":[{"href":"https:\/\/www.anofm.ro\/teleorman\/wp-json\/wp\/v2\/posts"}],"about":[{"href":"https:\/\/www.anofm.ro\/teleorman\/wp-json\/wp\/v2\/types\/post"}],"author":[{"embeddable":true,"href":"https:\/\/www.anofm.ro\/teleorman\/wp-json\/wp\/v2\/users\/259"}],"replies":[{"embeddable":true,"href":"https:\/\/www.anofm.ro\/teleorman\/wp-json\/wp\/v2\/comments?post=5055"}],"version-history":[{"count":1,"href":"https:\/\/www.anofm.ro\/teleorman\/wp-json\/wp\/v2\/posts\/5055\/revisions"}],"predecessor-version":[{"id":5056,"href":"https:\/\/www.anofm.ro\/teleorman\/wp-json\/wp\/v2\/posts\/5055\/revisions\/5056"}],"wp:attachment":[{"href":"https:\/\/www.anofm.ro\/teleorman\/wp-json\/wp\/v2\/media?parent=5055"}],"wp:term":[{"taxonomy":"category","embeddable":true,"href":"https:\/\/www.anofm.ro\/teleorman\/wp-json\/wp\/v2\/categories?post=5055"},{"taxonomy":"post_tag","embeddable":true,"href":"https:\/\/www.anofm.ro\/teleorman\/wp-json\/wp\/v2\/tags?post=5055"}],"curies":[{"name":"wp","href":"https:\/\/api.w.org\/{rel}","templated":true}]}}