{"id":5029,"date":"2025-02-27T09:30:10","date_gmt":"2025-02-27T07:30:10","guid":{"rendered":"https:\/\/www.anofm.ro\/teleorman\/?p=5029"},"modified":"2025-02-27T09:36:58","modified_gmt":"2025-02-27T07:36:58","slug":"rezultatele-implementarii-programului-de-ocupare-a-fortei-de-munca-si-al-planului-de-formare-profesionala-al-ajofm-teleorman","status":"publish","type":"post","link":"https:\/\/www.anofm.ro\/teleorman\/rezultatele-implementarii-programului-de-ocupare-a-fortei-de-munca-si-al-planului-de-formare-profesionala-al-ajofm-teleorman\/","title":{"rendered":"Rezultatele implement\u0103rii Programului de ocupare a for\u0163ei de munc\u0103 si al planului de formare profesionala al AJOFM Teleorman &#8211; Ianuarie 2025"},"content":{"rendered":"\n<p>Activitatea de ocupare a persoanelor \u00een c\u0103utarea unui loc de munc\u0103 se desf\u0103\u0219oar\u0103 pe baza Programului na\u021bional pentru ocuparea for\u021bei de munc\u0103 elaborat anual de c\u0103tre Agen\u021bia Na\u021bional\u0103 pentru Ocuparea For\u021bei de Munc\u0103 \u0219i aprobat de Ministerul Muncii \u0219i Solidarit\u0103\u021bii Sociale.<\/p>\n\n\n\n<p>Obiectivul general al Programului jude\u021bean pentru ocuparea for\u021bei de munc\u0103 \u00een anul 2025 este \u00eencadrarea \u00een munc\u0103 a cel pu\u021bin 5.300 persoane.<\/p>\n\n\n\n<p>Ca urmare a implement\u0103rii programului de ocupare, \u00een luna ianuarie 2025, au fost \u00eencadrate \u00een munc\u0103 un num\u0103r de 286 de persoane (5.6%), din care:<\/p>\n\n\n\n<ul class=\"wp-block-list\">\n<li>260 de \u0219omeri ca fost angaja\u021bi prin serviciile de informare, consiliere \u0219i mediere a muncii;<\/li>\n\n\n\n<li>1 de \u0219omeri au fost angaja\u021bi \u00een urma cursurilor de formare profesional\u0103 organizate;<\/li>\n\n\n\n<li>25 de \u0219omeri prin m\u0103suri de stimulare-facilit\u0103\u021bi acordate \u0219omerilor:<ul><li>20 \u0219omeri indemniza\u021bi au beneficiat de aloca\u021bii pentru angajare \u00eenainte de expirarea perioadei de indemnizare;<\/li><\/ul><ul><li>2 \u0219omeri neindemniza\u021bi au primit prim\u0103 de activare;<\/li><\/ul>\n<ul class=\"wp-block-list\">\n<li>3 \u0219omeri au fost angaja\u021bi prin stimularea mobilit\u0103\u021bii for\u021bei de munc\u0103;<\/li>\n<\/ul>\n<\/li>\n<\/ul>\n\n\n\n<p>Pentru cre\u0219terea \u0219i diversificarea competen\u021belor profesionale \u00een scopul asigur\u0103rii mobilit\u0103\u021bii \u0219i reintegr\u0103rii pe pia\u021ba muncii a persoanelor \u00een c\u0103utarea unui loc de munc\u0103, AJOFM Teleorman are prev\u0103zut, prin Planul jude\u021bean de formare profesional\u0103 pe anul 2025 estimeaz\u0103 organizarea a 29 programe de formare profesional\u0103 pentru formarea a 406 \u0219omeri. Formarea profesional\u0103 a persoanelor \u00een c\u0103utarea unui loc de munc\u0103 se organizeaz\u0103, conform legii, prin programe de ini\u021biere, calificare, recalificare, perfec\u021bionare, specializare.<\/p>\n\n\n\n<p>\u00cen luna ianuarie 2025 au fost organizate 4 programe de formare profesional\u0103 \u00een 4 ocupa\u021bii.<\/p>\n","protected":false},"excerpt":{"rendered":"<p>Activitatea de ocupare a persoanelor \u00een c\u0103utarea unui loc de munc\u0103 se desf\u0103\u0219oar\u0103 pe baza Programului na\u021bional pentru ocuparea for\u021bei de munc\u0103 elaborat anual de c\u0103tre Agen\u021bia Na\u021bional\u0103 pentru Ocuparea<\/p>\n","protected":false},"author":259,"featured_media":4565,"comment_status":"closed","ping_status":"closed","sticky":false,"template":"","format":"standard","meta":{"footnotes":""},"categories":[9],"tags":[],"class_list":["post-5029","post","type-post","status-publish","format-standard","has-post-thumbnail","hentry","category-comunicate-de-presa"],"_links":{"self":[{"href":"https:\/\/www.anofm.ro\/teleorman\/wp-json\/wp\/v2\/posts\/5029","targetHints":{"allow":["GET"]}}],"collection":[{"href":"https:\/\/www.anofm.ro\/teleorman\/wp-json\/wp\/v2\/posts"}],"about":[{"href":"https:\/\/www.anofm.ro\/teleorman\/wp-json\/wp\/v2\/types\/post"}],"author":[{"embeddable":true,"href":"https:\/\/www.anofm.ro\/teleorman\/wp-json\/wp\/v2\/users\/259"}],"replies":[{"embeddable":true,"href":"https:\/\/www.anofm.ro\/teleorman\/wp-json\/wp\/v2\/comments?post=5029"}],"version-history":[{"count":2,"href":"https:\/\/www.anofm.ro\/teleorman\/wp-json\/wp\/v2\/posts\/5029\/revisions"}],"predecessor-version":[{"id":5031,"href":"https:\/\/www.anofm.ro\/teleorman\/wp-json\/wp\/v2\/posts\/5029\/revisions\/5031"}],"wp:featuredmedia":[{"embeddable":true,"href":"https:\/\/www.anofm.ro\/teleorman\/wp-json\/wp\/v2\/media\/4565"}],"wp:attachment":[{"href":"https:\/\/www.anofm.ro\/teleorman\/wp-json\/wp\/v2\/media?parent=5029"}],"wp:term":[{"taxonomy":"category","embeddable":true,"href":"https:\/\/www.anofm.ro\/teleorman\/wp-json\/wp\/v2\/categories?post=5029"},{"taxonomy":"post_tag","embeddable":true,"href":"https:\/\/www.anofm.ro\/teleorman\/wp-json\/wp\/v2\/tags?post=5029"}],"curies":[{"name":"wp","href":"https:\/\/api.w.org\/{rel}","templated":true}]}}