{"id":502,"date":"2022-04-29T00:00:00","date_gmt":"2022-04-28T21:00:00","guid":{"rendered":"https:\/\/www.anofm.ro\/teleorman\/modelul-documentelor-pentru-plata-somajului-tehnic-a-fost-aprobat-de-ministrul-muncii-si-solidaritatii-sociale\/"},"modified":"2022-04-29T00:00:00","modified_gmt":"2022-04-28T21:00:00","slug":"modelul-documentelor-pentru-plata-somajului-tehnic-a-fost-aprobat-de-ministrul-muncii-si-solidaritatii-sociale","status":"publish","type":"post","link":"https:\/\/www.anofm.ro\/teleorman\/modelul-documentelor-pentru-plata-somajului-tehnic-a-fost-aprobat-de-ministrul-muncii-si-solidaritatii-sociale\/","title":{"rendered":"Modelul documentelor pentru plata \u0219omajului tehnic a fost aprobat de ministrul muncii \u0219i solidarit\u0103\u021bii sociale"},"content":{"rendered":"<p>Modelul documentelor prev\u0103zute la art. 6 alin. (1) din Ordonan\u021ba de urgen\u021b\u0103 a Guvernului nr. 36\/2022 privind stabilirea unor m\u0103suri de protec\u021bie social\u0103 a salaria\u0163ilor \u00een contextul  conflictului armat din Ucraina,  precum \u0219i ca urmare a sanc\u021biunilor interna\u021bionale aplicate Federa\u021biei Ruse \u0219i Belarusului.Introduceti continutul text. Eventualele incarcari de fisiere se fac in faza de editare<\/p>\n<div class=\"file-list-wrap\">\n<ul class=\"file-list\">\n<li><a href=\"\/upload2\/Teleorman\/20597\/ANOFM__Comunicat_de_presa_-_OUG_36_2022.docx\" download>ANOFM__Comunicat_de_presa_-_OUG_36_2022.docx<\/a><\/li>\n<li><a href=\"\/upload2\/Teleorman\/20597\/ORDIN_nr_705_21_04_2022_-_Anexa_1_-_Cerere.docx\" download>ORDIN_nr_705_21_04_2022_-_Anexa_1_-_Cerere.docx<\/a><\/li>\n<li><a href=\"\/upload2\/Teleorman\/20597\/ORDIN_nr_705_21_04_2022_-_Anexa_2_-_Declaratie.docx\" download>ORDIN_nr_705_21_04_2022_-_Anexa_2_-_Declaratie.docx<\/a><\/li>\n<li><a href=\"\/upload2\/Teleorman\/20597\/ORDIN_nr_705_21_04_2022_-_Anexa_3_-_Lista.docx\" download>ORDIN_nr_705_21_04_2022_-_Anexa_3_-_Lista.docx<\/a><\/li>\n<\/ul>\n<\/div>\n","protected":false},"excerpt":{"rendered":"<p>Modelul documentelor prev\u0103zute la art. 6 alin. (1) din Ordonan\u021ba de urgen\u021b\u0103 a Guvernului nr. 36\/2022 privind stabilirea unor m\u0103suri de protec\u021bie social\u0103 a salaria\u0163ilor \u00een contextul conflictului armat din<\/p>\n","protected":false},"author":0,"featured_media":0,"comment_status":"closed","ping_status":"closed","sticky":false,"template":"","format":"standard","meta":{"footnotes":""},"categories":[9],"tags":[],"class_list":["post-502","post","type-post","status-publish","format-standard","hentry","category-comunicate-de-presa"],"_links":{"self":[{"href":"https:\/\/www.anofm.ro\/teleorman\/wp-json\/wp\/v2\/posts\/502","targetHints":{"allow":["GET"]}}],"collection":[{"href":"https:\/\/www.anofm.ro\/teleorman\/wp-json\/wp\/v2\/posts"}],"about":[{"href":"https:\/\/www.anofm.ro\/teleorman\/wp-json\/wp\/v2\/types\/post"}],"replies":[{"embeddable":true,"href":"https:\/\/www.anofm.ro\/teleorman\/wp-json\/wp\/v2\/comments?post=502"}],"version-history":[{"count":0,"href":"https:\/\/www.anofm.ro\/teleorman\/wp-json\/wp\/v2\/posts\/502\/revisions"}],"wp:attachment":[{"href":"https:\/\/www.anofm.ro\/teleorman\/wp-json\/wp\/v2\/media?parent=502"}],"wp:term":[{"taxonomy":"category","embeddable":true,"href":"https:\/\/www.anofm.ro\/teleorman\/wp-json\/wp\/v2\/categories?post=502"},{"taxonomy":"post_tag","embeddable":true,"href":"https:\/\/www.anofm.ro\/teleorman\/wp-json\/wp\/v2\/tags?post=502"}],"curies":[{"name":"wp","href":"https:\/\/api.w.org\/{rel}","templated":true}]}}