{"id":4770,"date":"2025-01-28T14:24:33","date_gmt":"2025-01-28T12:24:33","guid":{"rendered":"https:\/\/www.anofm.ro\/teleorman\/?p=4770"},"modified":"2025-02-27T09:42:48","modified_gmt":"2025-02-27T07:42:48","slug":"rezultatele-implementarii-programului-de-ocupare-a-fortei-de-munca-al-ajofm-teleorman-4","status":"publish","type":"post","link":"https:\/\/www.anofm.ro\/teleorman\/rezultatele-implementarii-programului-de-ocupare-a-fortei-de-munca-al-ajofm-teleorman-4\/","title":{"rendered":"Rezultatele implement\u0103rii Programului de ocupare a for\u0163ei de munc\u0103 al AJOFM Teleorman in anul 2024"},"content":{"rendered":"\n<p>Activitatea de ocupare a persoanelor \u00een c\u0103utarea unui loc de munc\u0103 se desf\u0103\u0219oar\u0103 pe baza Programului na\u021bional pentru ocuparea for\u021bei de munc\u0103 elaborat anual de c\u0103tre Agen\u021bia Na\u021bional\u0103 pentru Ocuparea For\u021bei de Munc\u0103 \u0219i aprobat de Ministerul Muncii \u0219i Solidarit\u0103\u021bii Sociale.<\/p>\n\n\n\n<p>Obiectivul general al Programului jude\u021bean pentru ocuparea for\u021bei de munc\u0103 \u00een anul 2024 este \u00eencadrarea \u00een munc\u0103 a cel pu\u021bin 5.100 persoane.<\/p>\n\n\n\n<p>Ca urmare a implement\u0103rii programului de ocupare, \u00een perioada celor 12 luni ale anului 2024, au fost \u00eencadrate \u00een munc\u0103 un num\u0103r de 5.934 de persoane (116,35%), din care:<\/p>\n\n\n\n<ul class=\"wp-block-list\">\n<li>3.980 de \u0219omeri ca fost angaja\u021bi prin serviciile de informare, consiliere \u0219i mediere a muncii;<\/li>\n\n\n\n<li>250 de \u0219omeri au fost angaja\u021bi \u00een urma cursurilor de formare profesional\u0103 organizate;<\/li>\n\n\n\n<li>654 de \u0219omeri prin m\u0103suri de stimulare-facilit\u0103\u021bi acordate \u0219omerilor:<ul><li>335 \u0219omeri indemniza\u021bi au beneficiat de aloca\u021bii pentru angajare \u00eenainte de expirarea perioadei de indemnizare;<\/li><\/ul><ul><li>128 \u0219omeri neindemniza\u021bi au primit prim\u0103 de activare;<\/li><\/ul><ul><li>190 \u0219omeri au fost angaja\u021bi prin stimularea mobilit\u0103\u021bii for\u021bei de munc\u0103;<\/li><\/ul>\n<ul class=\"wp-block-list\">\n<li>1 \u0219omer a beneficiat de prima de inser\u021bie pentru absolven\u021bi.<\/li>\n<\/ul>\n<\/li>\n\n\n\n<li>2066 de \u0219omeri angaja\u021bi prin m\u0103suri de stimulare a angajatorilor:<ul><li>1488 \u0219omeri au fost angaja\u021bi pentru \u00eencadrarea \u00een munc\u0103 a persoanelor \u00een v\u00e2rst\u0103 de peste 45 ani sau a \u0219omerilor unici sus\u021bin\u0103tori ai familiilor monoparentale;<\/li><\/ul><ul><li>521 \u0219omeri tineri NEET;<\/li><\/ul><ul><li>\u00a0\u00a0\u00a04 \u0219omeri de lung\u0103 durat\u0103;<\/li><\/ul><ul><li>\u00a0\u00a042 \u0219omeri care mai au 5 ani p\u00e2n\u0103 la pensie;<\/li><\/ul><ul><li>\u00a0\u00a0\u00a09 \u0219omer absolven\u021bi de \u00eenv\u0103\u021b\u0103m\u00e2nt;<\/li><\/ul>\n<ul class=\"wp-block-list\">\n<li>\u00a0\u00a0\u00a02 persoane cu handicap.<\/li>\n<\/ul>\n<\/li>\n<\/ul>\n\n\n\n<p>Pentru cre\u0219terea \u0219i diversificarea competen\u021belor profesionale \u00een scopul asigur\u0103rii mobilit\u0103\u021bii \u0219i reintegr\u0103rii pe pia\u021ba muncii a persoanelor \u00een c\u0103utarea unui loc de munc\u0103, AJOFM Teleorman are prev\u0103zut, prin Planul jude\u021bean de formare profesional\u0103 pe anul 2024 estimeaz\u0103 organizarea a 34 programe de formare profesional\u0103 pentru formarea a 486 \u0219omeri. Formarea profesional\u0103 a persoanelor \u00een c\u0103utarea unui loc de munc\u0103 se organizeaz\u0103, conform legii, prin programe de ini\u021biere, calificare, recalificare, perfec\u021bionare, specializare.<\/p>\n\n\n\n<p>\u00cen primele 12 luni ale anului 2024 au fost organizate 26 programe de formare profesional\u0103 \u00een 12 meserii.<\/p>\n","protected":false},"excerpt":{"rendered":"<p>Activitatea de ocupare a persoanelor \u00een c\u0103utarea unui loc de munc\u0103 se desf\u0103\u0219oar\u0103 pe baza Programului na\u021bional pentru ocuparea for\u021bei de munc\u0103 elaborat anual de c\u0103tre Agen\u021bia Na\u021bional\u0103 pentru Ocuparea<\/p>\n","protected":false},"author":259,"featured_media":4632,"comment_status":"closed","ping_status":"closed","sticky":false,"template":"","format":"standard","meta":{"footnotes":""},"categories":[9,32,31],"tags":[],"class_list":["post-4770","post","type-post","status-publish","format-standard","has-post-thumbnail","hentry","category-comunicate-de-presa","category-ultimele-noutati","category-ultimele-noutati-slider"],"_links":{"self":[{"href":"https:\/\/www.anofm.ro\/teleorman\/wp-json\/wp\/v2\/posts\/4770","targetHints":{"allow":["GET"]}}],"collection":[{"href":"https:\/\/www.anofm.ro\/teleorman\/wp-json\/wp\/v2\/posts"}],"about":[{"href":"https:\/\/www.anofm.ro\/teleorman\/wp-json\/wp\/v2\/types\/post"}],"author":[{"embeddable":true,"href":"https:\/\/www.anofm.ro\/teleorman\/wp-json\/wp\/v2\/users\/259"}],"replies":[{"embeddable":true,"href":"https:\/\/www.anofm.ro\/teleorman\/wp-json\/wp\/v2\/comments?post=4770"}],"version-history":[{"count":2,"href":"https:\/\/www.anofm.ro\/teleorman\/wp-json\/wp\/v2\/posts\/4770\/revisions"}],"predecessor-version":[{"id":5033,"href":"https:\/\/www.anofm.ro\/teleorman\/wp-json\/wp\/v2\/posts\/4770\/revisions\/5033"}],"wp:featuredmedia":[{"embeddable":true,"href":"https:\/\/www.anofm.ro\/teleorman\/wp-json\/wp\/v2\/media\/4632"}],"wp:attachment":[{"href":"https:\/\/www.anofm.ro\/teleorman\/wp-json\/wp\/v2\/media?parent=4770"}],"wp:term":[{"taxonomy":"category","embeddable":true,"href":"https:\/\/www.anofm.ro\/teleorman\/wp-json\/wp\/v2\/categories?post=4770"},{"taxonomy":"post_tag","embeddable":true,"href":"https:\/\/www.anofm.ro\/teleorman\/wp-json\/wp\/v2\/tags?post=4770"}],"curies":[{"name":"wp","href":"https:\/\/api.w.org\/{rel}","templated":true}]}}