{"id":4727,"date":"2024-12-30T14:27:57","date_gmt":"2024-12-30T12:27:57","guid":{"rendered":"https:\/\/www.anofm.ro\/teleorman\/?p=4727"},"modified":"2024-12-30T14:27:57","modified_gmt":"2024-12-30T12:27:57","slug":"rezultatele-implementarii-programului-de-ocupare-a-fortei-de-munca-al-ajofm-teleorman-3","status":"publish","type":"post","link":"https:\/\/www.anofm.ro\/teleorman\/rezultatele-implementarii-programului-de-ocupare-a-fortei-de-munca-al-ajofm-teleorman-3\/","title":{"rendered":"Rezultatele implement\u0103rii Programului de ocupare a for\u0163ei de munc\u0103 al AJOFM Teleorman"},"content":{"rendered":"\n<p>Activitatea de ocupare a persoanelor \u00een c\u0103utarea unui loc de munc\u0103 se desf\u0103\u015foar\u0103 pe baza Programului na\u0163ional pentru ocuparea for\u0163ei de munc\u0103 elaborat anual de c\u0103tre Agen\u0163ia Na\u0163ional\u0103 pentru Ocuparea For\u0163ei de Munc\u0103 \u0219i aprobat de Ministerul Muncii \u0219i Soldarita\u0163ii Sociale.<\/p>\n\n\n\n<p>Obiectivul general al Programului jude\u0163ean pentru ocuparea for\u0163ei de munc\u0103 \u00een anul 2024 este \u00eencadrarea \u00een munc\u0103 a cel pu\u0163in 5100 persoane.<\/p>\n\n\n\n<p>Ca urmare a implement\u0103rii programului de ocupare, \u00een primele 11 luni ale anului 2024, au fost \u00eencadrate \u00een munc\u0103 5.781 persoane (113,35%), din care:<\/p>\n\n\n\n<ul class=\"wp-block-list\">\n<li>3.904 \u0219omeri ca urmare a acord\u0103rii serviciilor de informare, consiliere \u0219i mediere a muncii;<\/li>\n\n\n\n<li>218 \u0219omeri ca urmare a cursurilor de formare profesional\u0103 organizate de agen\u021bie;<\/li>\n\n\n\n<li>609 \u0219omeri prin m\u0103suri de stimulare-facilit\u0103\u021bi acordate \u0219omerilor (311 \u0219omeri indemniza\u021bi prin acordarea de aloca\u021bii dac\u0103 se \u00eencadreaz\u0103 \u00een munc\u0103 \u00eenainte de expirarea perioadei de indemnizare; 117 \u0219omeri neindemniza\u021bi beneficiari de prim\u0103 de activare; 180 &#8211; \u0219omeri care s-au angajat prin stimularea mobilit\u0103\u021bii for\u021bei de munc\u0103; 1 &#8211; prima de inser\u021bie absolven\u021bilor de \u00eenv\u0103\u021b\u0103m\u00e2nt);<\/li>\n\n\n\n<li>1172 \u0219omeri prin m\u0103suri de stimulare a angajatorilor (845 \u0219omeri prin stimularea angajatorilor pentru \u00eencadrarea \u00een munc\u0103 a persoanelor \u00een v\u00e2rst\u0103 de peste 45 ani sau a \u0219omerilor unici sus\u021bin\u0103tori ai familiilor monoparentale; 300 \u0219omeri tineri NEET; 3 \u0219omeri de lung\u0103 durat\u0103; 15 \u0219omeri care mai au 5 ani p\u00e2n\u0103 la pensie; 7 \u0219omer absolven\u021bi de \u00eenv\u0103\u021b\u0103m\u00e2nt; 1 persoane cu handicap).<\/li>\n<\/ul>\n\n\n\n<p>Pentru cre\u0219terea \u0219i diversificarea competen\u021belor profesionale \u00een scopul asigur\u0103rii mobilit\u0103\u021bii \u0219i reintegr\u0103rii pe pia\u021ba muncii a persoanelor \u00een c\u0103utarea unui loc de munc\u0103, AJOFM Teleorman are prev\u0103zut, prin Planul jude\u021bean de formare profesional\u0103 pe anul 2024 estimeaz\u0103 organizarea a 34 programe de formare profesional\u0103 pentru formarea a 486 \u0219omeri. Formarea profesional\u0103 a persoanelor \u00een c\u0103utarea unui loc de munc\u0103 se organizeaz\u0103, conform legii, prin programe de ini\u021biere, calificare, recalificare, perfec\u021bionare, specializare.<\/p>\n\n\n\n<p>\u00cen primele 11 luni ale anului 2024 au fost organizate 23 programe de formare profesional\u0103 \u00een 12 meserii.<\/p>\n\n\n\n<p>\u00a0\u00a0\u00a0\u00a0<\/p>\n","protected":false},"excerpt":{"rendered":"<p>Activitatea de ocupare a persoanelor \u00een c\u0103utarea unui loc de munc\u0103 se desf\u0103\u015foar\u0103 pe baza Programului na\u0163ional pentru ocuparea for\u0163ei de munc\u0103 elaborat anual de c\u0103tre Agen\u0163ia Na\u0163ional\u0103 pentru Ocuparea<\/p>\n","protected":false},"author":259,"featured_media":4632,"comment_status":"closed","ping_status":"closed","sticky":false,"template":"","format":"standard","meta":{"footnotes":""},"categories":[9,32,31],"tags":[],"class_list":["post-4727","post","type-post","status-publish","format-standard","has-post-thumbnail","hentry","category-comunicate-de-presa","category-ultimele-noutati","category-ultimele-noutati-slider"],"_links":{"self":[{"href":"https:\/\/www.anofm.ro\/teleorman\/wp-json\/wp\/v2\/posts\/4727","targetHints":{"allow":["GET"]}}],"collection":[{"href":"https:\/\/www.anofm.ro\/teleorman\/wp-json\/wp\/v2\/posts"}],"about":[{"href":"https:\/\/www.anofm.ro\/teleorman\/wp-json\/wp\/v2\/types\/post"}],"author":[{"embeddable":true,"href":"https:\/\/www.anofm.ro\/teleorman\/wp-json\/wp\/v2\/users\/259"}],"replies":[{"embeddable":true,"href":"https:\/\/www.anofm.ro\/teleorman\/wp-json\/wp\/v2\/comments?post=4727"}],"version-history":[{"count":1,"href":"https:\/\/www.anofm.ro\/teleorman\/wp-json\/wp\/v2\/posts\/4727\/revisions"}],"predecessor-version":[{"id":4728,"href":"https:\/\/www.anofm.ro\/teleorman\/wp-json\/wp\/v2\/posts\/4727\/revisions\/4728"}],"wp:featuredmedia":[{"embeddable":true,"href":"https:\/\/www.anofm.ro\/teleorman\/wp-json\/wp\/v2\/media\/4632"}],"wp:attachment":[{"href":"https:\/\/www.anofm.ro\/teleorman\/wp-json\/wp\/v2\/media?parent=4727"}],"wp:term":[{"taxonomy":"category","embeddable":true,"href":"https:\/\/www.anofm.ro\/teleorman\/wp-json\/wp\/v2\/categories?post=4727"},{"taxonomy":"post_tag","embeddable":true,"href":"https:\/\/www.anofm.ro\/teleorman\/wp-json\/wp\/v2\/tags?post=4727"}],"curies":[{"name":"wp","href":"https:\/\/api.w.org\/{rel}","templated":true}]}}