{"id":4564,"date":"2024-10-28T14:44:44","date_gmt":"2024-10-28T12:44:44","guid":{"rendered":"https:\/\/www.anofm.ro\/teleorman\/?p=4564"},"modified":"2024-10-28T14:44:44","modified_gmt":"2024-10-28T12:44:44","slug":"rezultatele-implementarii-programului-de-ocupare-a-fortei-de-munca-al-ajofm-teleorman","status":"publish","type":"post","link":"https:\/\/www.anofm.ro\/teleorman\/rezultatele-implementarii-programului-de-ocupare-a-fortei-de-munca-al-ajofm-teleorman\/","title":{"rendered":"Rezultatele implement\u0103rii Programului de ocupare a for\u0163ei de munc\u0103 al AJOFM Teleorman"},"content":{"rendered":"\n<p>Activitatea de ocupare a persoanelor \u00een c\u0103utarea unui loc de munc\u0103 se desf\u0103\u015foar\u0103 pe baza Programului na\u0163ional pentru ocuparea for\u0163ei de munc\u0103 elaborat anual de c\u0103tre Agen\u0163ia Na\u0163ional\u0103 pentru Ocuparea For\u0163ei de Munc\u0103 \u0219i aprobat de Ministerul Muncii \u0219i Soldarita\u0163ii Sociale.<\/p>\n\n\n\n<p>Obiectivul general al Programului jude\u0163ean pentru ocuparea for\u0163ei de munc\u0103 \u00een anul 2024 este \u00eencadrarea \u00een munc\u0103 a cel pu\u0163in 5100 persoane.<\/p>\n\n\n\n<p>Ca urmare a implement\u0103rii programului de ocupare, \u00een primele 9 luni ale anului 2024, au fost \u00eencadrate \u00een munc\u0103 4.293 persoane (84.18%), din care:<\/p>\n\n\n\n<ul class=\"wp-block-list\">\n<li>3.525 \u015fomeri ca urmare a acord\u0103rii serviciilor de mediere a muncii;<\/li>\n\n\n\n<li>197 \u015fomeri ca urmare a cursurilor de formare profesional\u0103 organizate de agen\u0163ie;<\/li>\n\n\n\n<li>366 \u015fomeri prin m\u0103suri de stimulare-facilit\u0103\u0163i acordate \u015fomerilor (239 \u015fomeri indemniza\u0163i prin acordarea de aloca\u0163ii dac\u0103 se \u00eencadreaz\u0103 \u00een munc\u0103 \u00eenainte de expirarea perioadei de indemnizare; 52 \u015fomeri neindemniza\u0163i beneficiari de prim\u0103 de activare; 74 \u015fomeri indemniza\u0163i care s-au angajat prin stimularea mobilit\u0103\u0163ii for\u0163ei de munc\u0103; 1 prima de insertie);<\/li>\n\n\n\n<li>205 \u015fomeri prin m\u0103suri de stimulare a angajatorilor (173 \u015fomeri prin stimularea angajatorilor pentru \u00eencadrarea \u00een munc\u0103 a persoanelor \u00een v\u00eerst\u0103 de peste 45 ani sau a \u015fomerilor unici sus\u0163in\u0103tori ai familiilor monoparentale; 30 \u015fomeri prin acordarea de subven\u0163ii angajatorilor care \u00eencadreaz\u0103 \u00een munc\u0103 tineri NEET; 1 \u015fomer prin stimularea angajatorilor pentru \u00eencadrarea \u00een munc\u0103 a \u015fomerilor care mai au 5 ani p\u00e2n\u0103 la pensie; 1 \u015fomer prin stimularea angajatorilor care\u00a0 \u00eencadreaz\u0103 \u00een munc\u0103 absolven\u0163i de \u00eenv\u0103\u0163\u0103m\u00e2nt.<\/li>\n<\/ul>\n\n\n\n<p>Pentru cre\u015fterea \u015fi diversificarea competen\u0163elor profesionale \u00een scopul asigur\u0103rii mobilit\u0103\u0163ii \u015fi reintegr\u0103rii pe pia\u0163a muncii a persoanelor \u00een c\u0103utarea unui loc de munc\u0103, AJOFM Teleorman are prev\u0103zut, prin Prin Planul jude\u0163ean de formare profesional\u0103 pe anul 2024, organizarea a 34 programe de formare profesional\u0103 pentru formarea a 486 \u015fomeri. Formarea profesional\u0103 a persoanelor \u00een c\u0103utarea unui loc de munc\u0103 se organizeaz\u0103, conform legii, prin programe de ini\u0163iere, calificare, recalificare, perfec\u0163ionare, specializare.<\/p>\n\n\n\n<p>\u00cen primele 9 luni ale anului 2024 au fost organizate 20 programe de formare profesional\u0103 \u00een 11 meserii, numarul de beneficiari de formare profesionala fiind de 256.<\/p>\n","protected":false},"excerpt":{"rendered":"<p>Activitatea de ocupare a persoanelor \u00een c\u0103utarea unui loc de munc\u0103 se desf\u0103\u015foar\u0103 pe baza Programului na\u0163ional pentru ocuparea for\u0163ei de munc\u0103 elaborat anual de c\u0103tre Agen\u0163ia Na\u0163ional\u0103 pentru Ocuparea<\/p>\n","protected":false},"author":259,"featured_media":4565,"comment_status":"closed","ping_status":"closed","sticky":false,"template":"","format":"standard","meta":{"footnotes":""},"categories":[9,32,31],"tags":[],"class_list":["post-4564","post","type-post","status-publish","format-standard","has-post-thumbnail","hentry","category-comunicate-de-presa","category-ultimele-noutati","category-ultimele-noutati-slider"],"_links":{"self":[{"href":"https:\/\/www.anofm.ro\/teleorman\/wp-json\/wp\/v2\/posts\/4564","targetHints":{"allow":["GET"]}}],"collection":[{"href":"https:\/\/www.anofm.ro\/teleorman\/wp-json\/wp\/v2\/posts"}],"about":[{"href":"https:\/\/www.anofm.ro\/teleorman\/wp-json\/wp\/v2\/types\/post"}],"author":[{"embeddable":true,"href":"https:\/\/www.anofm.ro\/teleorman\/wp-json\/wp\/v2\/users\/259"}],"replies":[{"embeddable":true,"href":"https:\/\/www.anofm.ro\/teleorman\/wp-json\/wp\/v2\/comments?post=4564"}],"version-history":[{"count":1,"href":"https:\/\/www.anofm.ro\/teleorman\/wp-json\/wp\/v2\/posts\/4564\/revisions"}],"predecessor-version":[{"id":4566,"href":"https:\/\/www.anofm.ro\/teleorman\/wp-json\/wp\/v2\/posts\/4564\/revisions\/4566"}],"wp:featuredmedia":[{"embeddable":true,"href":"https:\/\/www.anofm.ro\/teleorman\/wp-json\/wp\/v2\/media\/4565"}],"wp:attachment":[{"href":"https:\/\/www.anofm.ro\/teleorman\/wp-json\/wp\/v2\/media?parent=4564"}],"wp:term":[{"taxonomy":"category","embeddable":true,"href":"https:\/\/www.anofm.ro\/teleorman\/wp-json\/wp\/v2\/categories?post=4564"},{"taxonomy":"post_tag","embeddable":true,"href":"https:\/\/www.anofm.ro\/teleorman\/wp-json\/wp\/v2\/tags?post=4564"}],"curies":[{"name":"wp","href":"https:\/\/api.w.org\/{rel}","templated":true}]}}