{"id":381,"date":"2021-08-12T00:00:00","date_gmt":"2021-08-11T21:00:00","guid":{"rendered":"https:\/\/www.anofm.ro\/teleorman\/604-locuri-de-munca-vacante-in-spatiul-economic-european\/"},"modified":"2021-08-12T00:00:00","modified_gmt":"2021-08-11T21:00:00","slug":"604-locuri-de-munca-vacante-in-spatiul-economic-european","status":"publish","type":"post","link":"https:\/\/www.anofm.ro\/teleorman\/604-locuri-de-munca-vacante-in-spatiul-economic-european\/","title":{"rendered":"604 locuri de munc\u0103 vacante \u00een Spa\u0163iul Economic European"},"content":{"rendered":"<p><a href=\"\/upload\/17371\/lmv_EURES_-_12.08.docx\">lmv_EURES_-_12.08.docx<\/a> <\/p>\n","protected":false},"excerpt":{"rendered":"<p>eures<\/p>\n","protected":false},"author":0,"featured_media":0,"comment_status":"closed","ping_status":"closed","sticky":false,"template":"","format":"standard","meta":{"footnotes":""},"categories":[9],"tags":[],"class_list":["post-381","post","type-post","status-publish","format-standard","hentry","category-comunicate-de-presa"],"_links":{"self":[{"href":"https:\/\/www.anofm.ro\/teleorman\/wp-json\/wp\/v2\/posts\/381","targetHints":{"allow":["GET"]}}],"collection":[{"href":"https:\/\/www.anofm.ro\/teleorman\/wp-json\/wp\/v2\/posts"}],"about":[{"href":"https:\/\/www.anofm.ro\/teleorman\/wp-json\/wp\/v2\/types\/post"}],"replies":[{"embeddable":true,"href":"https:\/\/www.anofm.ro\/teleorman\/wp-json\/wp\/v2\/comments?post=381"}],"version-history":[{"count":0,"href":"https:\/\/www.anofm.ro\/teleorman\/wp-json\/wp\/v2\/posts\/381\/revisions"}],"wp:attachment":[{"href":"https:\/\/www.anofm.ro\/teleorman\/wp-json\/wp\/v2\/media?parent=381"}],"wp:term":[{"taxonomy":"category","embeddable":true,"href":"https:\/\/www.anofm.ro\/teleorman\/wp-json\/wp\/v2\/categories?post=381"},{"taxonomy":"post_tag","embeddable":true,"href":"https:\/\/www.anofm.ro\/teleorman\/wp-json\/wp\/v2\/tags?post=381"}],"curies":[{"name":"wp","href":"https:\/\/api.w.org\/{rel}","templated":true}]}}