{"id":29,"date":"2018-11-16T00:00:00","date_gmt":"2018-11-15T22:00:00","guid":{"rendered":"https:\/\/www.anofm.ro\/teleorman\/intespo-inregistrarea-tinerilor-in-evidentele-serviciului-public-de-ocupare\/"},"modified":"2018-11-16T00:00:00","modified_gmt":"2018-11-15T22:00:00","slug":"intespo-inregistrarea-tinerilor-in-evidentele-serviciului-public-de-ocupare","status":"publish","type":"post","link":"https:\/\/www.anofm.ro\/teleorman\/intespo-inregistrarea-tinerilor-in-evidentele-serviciului-public-de-ocupare\/","title":{"rendered":"INTESPO &#8211; Inregistrarea Tinerilor in Evidentele Serviciului Public de Ocupare"},"content":{"rendered":"<p><span><span style=\"font-size:14.0pt;font-family:\"><a href=\"http:\/\/www.mmuncii.ro\/j33\/index.php\/ro\/minister\/minister-organizare\/concursuri\/5172\" target=\"_blank\" rel=\"noopener\"><span style=\"color: windowtext\"><\/span><\/a><\/span><\/span><b><span style=\"font-size:14.0pt;font-family:\"><\/span><\/b><b><span style=\"font-size:14.0pt;font-family:\"><\/span><\/b><\/p>\n<p class=\"MsoNormal\" style=\"line-height:normal\"><\/p>\n<p class=\"MsoNormal\" style=\"line-height:115%\"><b><span style=\"font-size:11.0pt;line-height:115%;font-family:\" lang=\"RO\">POCU\/135\/2\/3\/113589<\/span><\/b><\/p>\n<p class=\"MsoNormal\" style=\"margin-bottom:6.0pt;text-align:justify;line-height:115%\"><span style=\"font-size:11.0pt;line-height:115%;font-family:\">Agen\u021bia<br \/>\nNa\u021bional\u0103 pentru Ocuparea For\u021bei de Munc\u0103 implementeaz\u0103,<\/span> <span style=\"font-size:11.0pt;line-height:115%;font-family:\">\u00een parteneriat cu Ministerul Muncii \u0219i Justi\u021biei<br \/>\nSociale, Ministerul Educa\u021biei Na\u021bionale \u0219i Agen\u021bia Na\u021bional\u0103 pentru Pl\u0103\u021bi \u0219i<br \/>\nInspec\u021bie Social\u0103, proiectul <i>INTESPO \u2013<br \/>\n\u00cenregistrarea Tinerilor \u00een Eviden\u021bele Serviciului Public de Ocupare. <\/i><\/span><\/p>\n<p class=\"MsoNormal\" style=\"margin-bottom:6.0pt;text-align:justify;line-height:115%\"><span style=\"font-size:11.0pt;line-height:115%;font-family:\">Proiectul<br \/>\neste cofinan\u0163at prin Programul Opera\u0163ional Capital Uman, Axa prioritar\u0103 2 \u2013<br \/>\n\u00cembun\u0103t\u0103\u0163irea situa\u0163iei tinerilor din categoria NEETs, Obiectiv specific 2.3 &#8211;<br \/>\nCre\u0219terea num\u0103rului tinerilor NEETs inactivi \u00eenregistra\u021bi la Serviciul Public<br \/>\nde Ocupare.<\/span><\/p>\n<p class=\"MsoNormal\" style=\"margin-bottom:6.0pt;text-align:justify;line-height:115%\"><span style=\"font-size:11.0pt;line-height:115%;font-family:\">Obiectivul<br \/>\ngeneral al proiectului \u00eel constituie cre\u0219terea num\u0103rului de tineri NEETs<br \/>\n\u00eenregistra\u021bi la Serviciul Public de Ocupare (SPO) \u00een vederea furniz\u0103rii de<br \/>\nm\u0103suri specializate de sprijin.<\/span><\/p>\n<p class=\"MsoNormal\" style=\"line-height:normal\"><b><span style=\"font-size:14.0pt;font-family:\"><\/span><\/b><\/p>\n<ul>\n<li><b><span style=\"font-size:14.0pt;font-family:\"><\/span><\/b><b><span style=\"font-size:14.0pt;font-family:\"><a href=\"\/upload\/1900\/informare_09.2019.pdf\"> Informare_09.2019<\/a><br \/><\/span><\/b><\/li>\n<\/ul>\n<p class=\"MsoNormal\" style=\"line-height:normal\"><b><span style=\"font-size:14.0pt;font-family:\">\u00a0 \u00a0 \u00a0 \u00a0 \u00a0 \u00a0 <\/span><\/b><b><span style=\"font-size:14.0pt;font-family:\"><b><span style=\"font-size:14.0pt;font-family:\">\u00b0<\/span><\/b> <a href=\"\/upload\/1900\/Informare_INTESPO_-Ianuarie_2019.pdf\">Informare_INTESPO_-Ianuarie_2019<\/a><\/span><\/b><\/p>\n<p><b><a href=\"\/upload\/1900\/Informare_INTESPO_-Ianuarie_2019.pdf\"><\/a><\/b><\/p>\n<p><b> <\/b><\/p>\n<p class=\"MsoNormal\" style=\"text-indent:36.0pt;line-height:normal\"><b><span style=\"font-size:14.0pt;font-family:\">\u00a0\u00b0 <\/span><\/b><b><span style=\"font-size:14.0pt;font-family:\"><a href=\"http:\/\/www.mmuncii.ro\/j33\/index.php\/ro\/minister\/minister-organizare\/concursuri\/5172\" target=\"_blank\" rel=\"noopener\"><span style=\"color:windowtext;text-decoration:none\">Anunt <\/span><span style=\"font-family:\">angajare<br \/>\nasistenti sociali, experti angajati in afara organigramei pentru<\/span><\/a><\/span><\/b><\/p>\n<p><b><span style=\"font-size:14.0pt;font-family:\"><a href=\"http:\/\/www.mmuncii.ro\/j33\/index.php\/ro\/minister\/minister-organizare\/concursuri\/5172\" target=\"_blank\" rel=\"noopener\"><span style=\"color:windowtext\">implementarea proiectului<br \/>\nINTESPO<\/span><\/a><\/span><\/b><\/p>\n<p class=\"MsoNormal\" style=\"text-indent:36.0pt;line-height:normal\"><span><span style=\"font-size:14.0pt;font-family:\"><a href=\"http:\/\/teleorman.anofm.ro\/index_files\/meniu\/PROIECTE\/INTESPO\/Informare%20INTESPO%2011%20Octombrie%202018.pdf\"><span style=\"color:windowtext\">\u00a0<\/span><\/a><\/span><\/span><b><span style=\"font-size:14.0pt;font-family:\"><a href=\"\/upload\/1900\/Informare_INTESPO_11_Octombrie_2018.pdf\"><span style=\"color:windowtext\">\u00b0 11.10.2018 &#8211; INFORMARE<\/span><\/a><\/span><\/b><\/p>\n<p class=\"MsoNormal\" style=\"text-indent:36.0pt;line-height:normal\"><b><span style=\"font-size:14.0pt;font-family:\">\u00a0<\/span><\/b><\/p>\n<p class=\"MsoNormal\" style=\"text-indent:36.0pt;line-height:normal\"><b><span style=\"font-size:14.0pt;font-family:\">\u00b0 Concurs recrutare experti externi:<\/span><\/b><\/p>\n<p class=\"MsoNormal\" style=\"text-indent:36.0pt;line-height:normal\"><b><span style=\"font-size:14.0pt;font-family:\">\u00a0<\/span><\/b><\/p>\n<p class=\"MsoNormalCxSpMiddle\" style=\"margin-top:0cm;margin-right:0cm;margin-bottom:0cm;margin-left:89.85pt;margin-bottom:.0001pt;text-indent:-17.85pt;line-height:150%\"><b><span style=\"font-size:14.0pt;line-height:150%\">&#8211;<\/span><\/b><b><span style=\"font-size:14.0pt;line-height:150%;font-family:\">\u00a0\u00a0\u00a0\u00a0\u00a0\u00a0\u00a0\u00a0<br \/>\n<\/span><\/b><b><span style=\"font-size:14.0pt;line-height:150%;font-family:\"><a target=\"_blank\" href=\"\/upload\/1900\/pv_rez_final_SPOext_intespo_etapa2_.pdf\" rel=\"noopener\"><span style=\"color:windowtext\">Proces verbal rezultate finale<br \/>\nconcurs<\/span><\/a> \u2013 etapa a 2-a<\/span><\/b><\/p>\n<p class=\"MsoNormalCxSpMiddle\" style=\"margin-top:0cm;margin-right:0cm;margin-bottom:0cm;margin-left:89.85pt;margin-bottom:.0001pt;text-indent:-17.85pt;line-height:150%\"><b><span style=\"font-size:14.0pt;line-height:150%\">&#8211;<\/span><\/b><b><span style=\"font-size:14.0pt;line-height:150%;font-family:\">\u00a0\u00a0\u00a0\u00a0\u00a0\u00a0\u00a0\u00a0<br \/>\n<\/span><\/b><b><span style=\"font-size:14.0pt;line-height:150%;font-family:\"><a target=\"_blank\" href=\"\/upload\/1900\/Selectie_dosare_expert_ext_INTESPO_etapaII.docx\" rel=\"noopener\"><span style=\"color:windowtext\">Proces verbal selectie dosare<\/span><\/a>-etapa<br \/>\na 2-a<\/span><\/b><\/p>\n<p class=\"MsoNormalCxSpMiddle\" style=\"margin-top:0cm;margin-right:0cm;margin-bottom:0cm;margin-left:89.85pt;margin-bottom:.0001pt;text-indent:-17.85pt;line-height:150%\"><b><span style=\"font-size:14.0pt;line-height:150%\">&#8211;<\/span><\/b><b><span style=\"font-size:14.0pt;line-height:150%;font-family:\">\u00a0\u00a0\u00a0\u00a0\u00a0\u00a0\u00a0\u00a0<br \/>\n<\/span><\/b><b><span style=\"font-size:14.0pt;line-height:150%;font-family:\"><a href=\"\/upload\/1900\/anunt_2_INTESPO_Tr-28.08.2018.pdf\"><span style=\"color:windowtext\">Anunt recrutare experti externi<br \/>\nproiect INTESPO<\/span><\/a>-etapa a 2-a<\/span><\/b><\/p>\n<p class=\"MsoNormalCxSpMiddle\" style=\"margin-top:0cm;margin-right:0cm;margin-bottom:0cm;margin-left:89.85pt;margin-bottom:.0001pt;text-indent:-17.85pt;line-height:150%\"><b><span style=\"font-size:14.0pt;line-height:150%\">&#8211;<\/span><\/b><b><span style=\"font-size:14.0pt;line-height:150%;font-family:\">\u00a0\u00a0\u00a0\u00a0\u00a0\u00a0\u00a0\u00a0<br \/>\n<\/span><\/b><b><span style=\"font-size:14.0pt;line-height:150%;font-family:\"><a target=\"_blank\" href=\"\/upload\/1900\/pv_rez_final_SPOext_intespo_.pdf\" rel=\"noopener\"><span style=\"color:windowtext\">Proces verbal rezultate finale<br \/>\nconcurs<\/span><\/a><\/span><\/b><\/p>\n<p class=\"MsoNormalCxSpMiddle\" style=\"margin-top:0cm;margin-right:0cm;margin-bottom:0cm;margin-left:89.85pt;margin-bottom:.0001pt;text-indent:-17.85pt;line-height:150%\"><b><span style=\"font-size:14.0pt;line-height:150%\">&#8211;<\/span><\/b><b><span style=\"font-size:14.0pt;line-height:150%;font-family:\">\u00a0\u00a0\u00a0\u00a0\u00a0\u00a0\u00a0\u00a0<br \/>\n<\/span><\/b><b><span style=\"font-size:14.0pt;line-height:150%;font-family:\"><a target=\"_blank\" href=\"\/upload\/1900\/Selectie_dosare_expert_ext_INTESPO.pdf\" rel=\"noopener\"><span style=\"color:windowtext\">Proces verbal selectie dosare<\/span><\/a><br \/>\n<\/span><\/b><\/p>\n<p class=\"MsoNormalCxSpMiddle\" style=\"margin-top:0cm;margin-right:0cm;margin-bottom:0cm;margin-left:89.85pt;margin-bottom:.0001pt;text-indent:-17.85pt;line-height:150%\"><b><span style=\"font-size:14.0pt;line-height:150%\">&#8211;<\/span><\/b><b><span style=\"font-size:14.0pt;line-height:150%;font-family:\">\u00a0\u00a0\u00a0\u00a0\u00a0\u00a0\u00a0\u00a0<br \/>\n<\/span><\/b><b><span style=\"font-size:14.0pt;line-height:150%;font-family:\"><a href=\"\/upload\/1900\/anunt_INTESPO_Tr_final.pdf\"><span style=\"color:windowtext\">Anunt recrutare experti externi<br \/>\nproiect INTESPO<\/span><\/a><span>\u00a0 <\/span>&#8211; <a target=\"_blank\" href=\"\/upload\/1900\/anunt_INTESPO_anexe.pdf\" rel=\"noopener\"><span style=\"color:windowtext\">anexe<\/span><\/a><\/span><\/b><\/p>\n<p class=\"MsoNormal\" style=\"line-height:normal\"><b><span style=\"font-size:14.0pt;font-family:\"><span>\u00a0\u00a0\u00a0\u00a0\u00a0\u00a0\u00a0\u00a0\u00a0 <\/span><\/span><\/b><\/p>\n<p class=\"MsoNormal\" style=\"text-indent:36.0pt;line-height:normal\"><b><span style=\"font-size:14.0pt;font-family:\"><a href=\"\/upload\/1900\/Informare_Iulie_2018.pdf\"><span style=\"color:windowtext\">07.2018 &#8211; INFORMARE<\/span><\/a><\/span><\/b><\/p>\n<p class=\"MsoNormal\" style=\"text-indent:36.0pt;line-height:normal\"><b><span style=\"font-size:14.0pt;font-family:\"><a target=\"_blank\" href=\"\/upload\/1900\/Informare_INTESPO_martie_2018.docx\" rel=\"noopener\"><span style=\"color:windowtext\">28.03.2018 &#8211; INFORMARE<\/span><\/a><br \/>\n<\/span><\/b><\/p>\n<p class=\"MsoNormal\" style=\"text-indent:36.0pt;line-height:normal\"><b><span style=\"font-size:14.0pt;font-family:\"><span>\u00a0<\/span><\/span><\/b><\/p>\n<p class=\"MsoNormal\" style=\"text-indent:36.0pt;line-height:normal\"><b><span style=\"font-size:14.0pt;font-family:\">\u00a0<\/span><\/b><\/p>\n<p class=\"MsoNormal\" style=\"text-indent:36.0pt;line-height:normal\"><b><span style=\"font-size:14.0pt;font-family:\">URL: <\/span><\/b><b><span style=\"font-size:14.0pt;font-family:\"><a href=\"https:\/\/proiectintespo.ro\/\"><span>https:\/\/proiectintespo.ro\/<\/span><\/a><\/span><\/b><b><span style=\"font-size:14.0pt;font-family:\"><\/span><\/b><\/p>\n<p class=\"MsoNormal\" style=\"text-indent:36.0pt;line-height:normal\"><b><span style=\"font-size:14.0pt;font-family:\">\u00a0<\/span><\/b><b><span style=\"font-size:14.0pt;font-family:\"><\/span><\/b><\/p>\n<p class=\"MsoNormal\" style=\"margin-left:35.45pt;line-height:normal\"><b><span style=\"font-size:14.0pt;font-family:\">!!! Ministerul Muncii \u0219i Justi\u021biei Sociale deruleaz\u0103 \u00een<br \/>\nperioada 26 iunie &#8211; 03 august 2018 procedura de angajare<\/span><\/b><\/p>\n<p class=\"MsoNormal\" style=\"margin-left:35.45pt;line-height:normal\"><b><span style=\"font-size:14.0pt;font-family:\">a unui num\u0103r de 48 de asisten\u021bi sociali (1 post \u00een fiecare<br \/>\njude\u021b, 7 posturi \u00een municipiul Bucure\u0219ti), exper\u021bi angaja\u021bi<\/span><\/b><\/p>\n<p class=\"MsoNormal\" style=\"margin-left:35.45pt;line-height:normal\"><b><span style=\"font-size:14.0pt;font-family:\">\u00een afara organigramei, pentru implementarea proiectului<br \/>\n\u201eINTESPO &#8211; \u00cenregistrarea Tinerilor \u00een Eviden\u021bele<\/span><\/b><\/p>\n<p class=\"MsoNormal\" style=\"margin-left:35.45pt;line-height:normal\"><b><span style=\"font-size:14.0pt;font-family:\">Serviciului Public de Ocupare\u201d, contract de finan\u021bare<br \/>\nPOCU\/2\/3\/113589. <\/span><\/b><\/p>\n<p class=\"MsoNormal\" style=\"margin-left:35.45pt;line-height:normal\"><b><span style=\"font-size:14.0pt;font-family:\">Bibliografia, formularul de \u00eenscriere \u0219i alte detalii sunt<br \/>\ndisponibile pe site-ul Ministerului Muncii \u0219i Justi\u021biei<\/span><\/b><\/p>\n<p class=\"MsoNormal\" style=\"margin-left:35.45pt;line-height:normal\"><b><span style=\"font-size:14.0pt;font-family:\">Sociale <a href=\"http:\/\/www.mmuncii.ro\/j33\/index.php\/ro\/minister\/minister-organizare\/concursuri\/5172\"><span style=\"color:windowtext\">http:\/\/www.mmuncii.ro\/j33\/index.php\/ro\/minister\/minister-organizare\/concursuri\/5172<\/span><\/a><br \/>\n<\/span><\/b><\/p>\n<p class=\"MsoNormal\" style=\"text-indent:36.0pt;line-height:normal\"><b><span style=\"font-size:14.0pt;font-family:\">\u00a0<\/span><\/b><b><span style=\"font-size:14.0pt;font-family:\"><\/span><\/b><\/p>\n<p class=\"MsoNormal\" style=\"text-indent:36.0pt;line-height:normal\"><b><span style=\"font-size:14.0pt;font-family:\"><a target=\"_blank\" href=\"\/upload\/1900\/Fisa_proiect_INTESPO.pdf\" rel=\"noopener\"><span style=\"color:windowtext\">FISA PROIECT INTESPO<\/span><\/a><\/span><\/b><\/p>\n<p><b><span style=\"font-size:16.0pt;line-height:115%\"><a href=\"http:\/\/teleorman.anofm.ro\/index_files\/meniu\/PROIECTE\/INTESPO\/Fisa%20proiect%20INTESPO.pdf\" target=\"_blank\" rel=\"noopener\"><span style=\"color:windowtext\"><\/span><\/a><\/span><\/b><\/p>\n","protected":false},"excerpt":{"rendered":"<p>proiect intespo<\/p>\n","protected":false},"author":0,"featured_media":0,"comment_status":"closed","ping_status":"closed","sticky":false,"template":"","format":"standard","meta":{"footnotes":""},"categories":[20],"tags":[],"class_list":["post-29","post","type-post","status-publish","format-standard","hentry","category-proiecte"],"_links":{"self":[{"href":"https:\/\/www.anofm.ro\/teleorman\/wp-json\/wp\/v2\/posts\/29","targetHints":{"allow":["GET"]}}],"collection":[{"href":"https:\/\/www.anofm.ro\/teleorman\/wp-json\/wp\/v2\/posts"}],"about":[{"href":"https:\/\/www.anofm.ro\/teleorman\/wp-json\/wp\/v2\/types\/post"}],"replies":[{"embeddable":true,"href":"https:\/\/www.anofm.ro\/teleorman\/wp-json\/wp\/v2\/comments?post=29"}],"version-history":[{"count":0,"href":"https:\/\/www.anofm.ro\/teleorman\/wp-json\/wp\/v2\/posts\/29\/revisions"}],"wp:attachment":[{"href":"https:\/\/www.anofm.ro\/teleorman\/wp-json\/wp\/v2\/media?parent=29"}],"wp:term":[{"taxonomy":"category","embeddable":true,"href":"https:\/\/www.anofm.ro\/teleorman\/wp-json\/wp\/v2\/categories?post=29"},{"taxonomy":"post_tag","embeddable":true,"href":"https:\/\/www.anofm.ro\/teleorman\/wp-json\/wp\/v2\/tags?post=29"}],"curies":[{"name":"wp","href":"https:\/\/api.w.org\/{rel}","templated":true}]}}