{"id":225,"date":"2020-05-05T00:00:00","date_gmt":"2020-05-04T21:00:00","guid":{"rendered":"https:\/\/www.anofm.ro\/teleorman\/important-documente-necesare-pentru-acordarea-indemnizatiei-aferente-zilelor-libere-parintilor-pentru-supravegherea-copiilor-in-situatia-inchiderii-temporare-a-unitatilor-de-invatamant\/"},"modified":"2020-05-05T00:00:00","modified_gmt":"2020-05-04T21:00:00","slug":"important-documente-necesare-pentru-acordarea-indemnizatiei-aferente-zilelor-libere-parintilor-pentru-supravegherea-copiilor-in-situatia-inchiderii-temporare-a-unitatilor-de-invatamant","status":"publish","type":"post","link":"https:\/\/www.anofm.ro\/teleorman\/important-documente-necesare-pentru-acordarea-indemnizatiei-aferente-zilelor-libere-parintilor-pentru-supravegherea-copiilor-in-situatia-inchiderii-temporare-a-unitatilor-de-invatamant\/","title":{"rendered":"IMPORTANT!- Documente necesare pentru acordarea indemnizatiei aferente zilelor libere p\u0103rin\u0163ilor pentru supravegherea copiilor, \u00een situa\u0163ia \u00eenchiderii temporare a unit\u0103\u0163ilor de \u00eenv\u0103\u0163\u0103m\u00e2nt"},"content":{"rendered":"<p>Introduceti continutul text. Eventualele incarcari de fisiere se fac in faza de editare<\/p>\n<div class=\"file-list-wrap\">\n<ul class=\"file-list\">\n<li><a href=\"\/upload2\/Teleorman\/12502\/MODEL_CERERE_LEGEA_19.2020.docx\" download>MODEL_CERERE_LEGEA_19.2020.docx<\/a><\/li>\n<li><a href=\"\/upload2\/Teleorman\/12502\/MODEL_DECLARATIE_LEGEA_19.2020.docx\" download>MODEL_DECLARATIE_LEGEA_19.2020.docx<\/a><\/li>\n<li><a href=\"\/upload2\/Teleorman\/12502\/tabel_legea_19.2020.docx\" download>tabel_legea_19.2020.docx<\/a><\/li>\n<\/ul>\n<\/div>\n","protected":false},"excerpt":{"rendered":"<p>Legea 19\/2020<\/p>\n","protected":false},"author":0,"featured_media":0,"comment_status":"closed","ping_status":"closed","sticky":false,"template":"","format":"standard","meta":{"footnotes":""},"categories":[9],"tags":[],"class_list":["post-225","post","type-post","status-publish","format-standard","hentry","category-comunicate-de-presa"],"_links":{"self":[{"href":"https:\/\/www.anofm.ro\/teleorman\/wp-json\/wp\/v2\/posts\/225","targetHints":{"allow":["GET"]}}],"collection":[{"href":"https:\/\/www.anofm.ro\/teleorman\/wp-json\/wp\/v2\/posts"}],"about":[{"href":"https:\/\/www.anofm.ro\/teleorman\/wp-json\/wp\/v2\/types\/post"}],"replies":[{"embeddable":true,"href":"https:\/\/www.anofm.ro\/teleorman\/wp-json\/wp\/v2\/comments?post=225"}],"version-history":[{"count":0,"href":"https:\/\/www.anofm.ro\/teleorman\/wp-json\/wp\/v2\/posts\/225\/revisions"}],"wp:attachment":[{"href":"https:\/\/www.anofm.ro\/teleorman\/wp-json\/wp\/v2\/media?parent=225"}],"wp:term":[{"taxonomy":"category","embeddable":true,"href":"https:\/\/www.anofm.ro\/teleorman\/wp-json\/wp\/v2\/categories?post=225"},{"taxonomy":"post_tag","embeddable":true,"href":"https:\/\/www.anofm.ro\/teleorman\/wp-json\/wp\/v2\/tags?post=225"}],"curies":[{"name":"wp","href":"https:\/\/api.w.org\/{rel}","templated":true}]}}