{"id":210,"date":"2020-04-06T00:00:00","date_gmt":"2020-04-05T21:00:00","guid":{"rendered":"https:\/\/www.anofm.ro\/teleorman\/documente-decontare-indemnizatie-zile-libere-parinti-legea-19-2020\/"},"modified":"2020-04-06T00:00:00","modified_gmt":"2020-04-05T21:00:00","slug":"documente-decontare-indemnizatie-zile-libere-parinti-legea-19-2020","status":"publish","type":"post","link":"https:\/\/www.anofm.ro\/teleorman\/documente-decontare-indemnizatie-zile-libere-parinti-legea-19-2020\/","title":{"rendered":"Documente decontare indemnizatie zile libere parinti &#8211; Legea 19\/2020"},"content":{"rendered":"<p>Atasat gasiti modelele documentatiei pentru plata indemnizatiei pentru zilele libere parinti:<\/p>\n<p><\/p>\n<p>1. cerere angajator;<\/p>\n<p>2. declara\u021bia pe proprie r\u0103spundere a reprezentantului legal al angajatorului din care s\u0103 rezulte c\u0103 persoanele care au primit indemniza\u021bie \u00eendeplinesc condi\u021biile din Legea 19\/2020 \u2013Ordinul presedintelui ANOFM nr.346\/2020 aparut in M.OF nr.265\/31.03.2020;<\/p>\n<p>3.lista angaja\u021bilor care au beneficiat de zile libere \u0219i indemniza\u021bia acordat\u0103.<\/p>\n<div class=\"file-list-wrap\">\n<ul class=\"file-list\">\n<li><a href=\"\/upload2\/Teleorman\/12115\/cererezile_libere_1.docx\" download>cererezile_libere_1.docx<\/a><\/li>\n<li><a href=\"\/upload2\/Teleorman\/12115\/declaratie_angajator.docx\" download>declaratie_angajator.docx<\/a><\/li>\n<li><a href=\"\/upload2\/Teleorman\/12115\/tabel-excel.xlsx\" download>tabel-excel.xlsx<\/a><\/li>\n<\/ul>\n<\/div>\n","protected":false},"excerpt":{"rendered":"<p>Atasat gasiti modelele documentatiei pentru plata indemnizatiei pentru zilele libere parinti: 1. cerere angajator; 2. declara\u021bia pe proprie r\u0103spundere a reprezentantului legal al angajatorului din care s\u0103 rezulte c\u0103 persoanele<\/p>\n","protected":false},"author":0,"featured_media":0,"comment_status":"closed","ping_status":"closed","sticky":false,"template":"","format":"standard","meta":{"footnotes":""},"categories":[9],"tags":[],"class_list":["post-210","post","type-post","status-publish","format-standard","hentry","category-comunicate-de-presa"],"_links":{"self":[{"href":"https:\/\/www.anofm.ro\/teleorman\/wp-json\/wp\/v2\/posts\/210","targetHints":{"allow":["GET"]}}],"collection":[{"href":"https:\/\/www.anofm.ro\/teleorman\/wp-json\/wp\/v2\/posts"}],"about":[{"href":"https:\/\/www.anofm.ro\/teleorman\/wp-json\/wp\/v2\/types\/post"}],"replies":[{"embeddable":true,"href":"https:\/\/www.anofm.ro\/teleorman\/wp-json\/wp\/v2\/comments?post=210"}],"version-history":[{"count":0,"href":"https:\/\/www.anofm.ro\/teleorman\/wp-json\/wp\/v2\/posts\/210\/revisions"}],"wp:attachment":[{"href":"https:\/\/www.anofm.ro\/teleorman\/wp-json\/wp\/v2\/media?parent=210"}],"wp:term":[{"taxonomy":"category","embeddable":true,"href":"https:\/\/www.anofm.ro\/teleorman\/wp-json\/wp\/v2\/categories?post=210"},{"taxonomy":"post_tag","embeddable":true,"href":"https:\/\/www.anofm.ro\/teleorman\/wp-json\/wp\/v2\/tags?post=210"}],"curies":[{"name":"wp","href":"https:\/\/api.w.org\/{rel}","templated":true}]}}