{"id":208,"date":"2020-04-02T00:00:00","date_gmt":"2020-04-01T21:00:00","guid":{"rendered":"https:\/\/www.anofm.ro\/teleorman\/guvernul-romaniei-a-lansat-o-platforma-online-pentru-acordarea-somajului-tehnic\/"},"modified":"2020-04-02T00:00:00","modified_gmt":"2020-04-01T21:00:00","slug":"guvernul-romaniei-a-lansat-o-platforma-online-pentru-acordarea-somajului-tehnic","status":"publish","type":"post","link":"https:\/\/www.anofm.ro\/teleorman\/guvernul-romaniei-a-lansat-o-platforma-online-pentru-acordarea-somajului-tehnic\/","title":{"rendered":"Guvernul Romaniei a lansat o platforma online pentru acordarea somajului tehnic"},"content":{"rendered":"<p>Comunicat de pres\u0103<\/p>\n<p>Guvernul Rom\u00e2niei a lansat o platform\u0103 online pentru acordarea \u0219omajului tehnic<\/p>\n<p>Agentia Na\u021bional\u0103 pentru Ocuparea For\u021bei de Munc\u0103 anun\u021b\u0103 lansarea platformei digitale aici.gov.ro, pentru \u00eenc\u0103rcarea documentelor necesare acord\u0103rii \u0219omajului tehnic pentru angaja\u021bii c\u0103rora li s-a suspendat temporar contractul individual de munc\u0103 din ini\u021biativa angajatorului,  potrivit art. 52 alin. (1) lit. c) din Legea nr. 53\/2003 &#8211; Codul Muncii, cu modific\u0103rile \u0219i complet\u0103rile ulterioare.<\/p>\n<p>Astfel, \u00eencep\u00e2nd de azi, 2 aprilie, angajatorii pot desc\u0103rca din platform\u0103 \u0219i trimite documentele prev\u0103zute de OUG 30\/2020 modificat\u0103 \u0219i completat\u0103 de OUG 32\/2020 pentru acordarea \u0219omajului tehnic.<\/p>\n<p>\u201ePlatforma aici.gov.ro vine at\u00e2t \u00een sprijinul cet\u0103\u021benilor, al companiilor private c\u00e2t \u0219i a institu\u021biilor publice. \u00cei \u00eendemn pe to\u021bi angajatorii care vor s\u0103 aplice pentru \u0219omaj tehnic s\u0103 foloseasc\u0103 aceast\u0103 platform\u0103.  Vor g\u0103si acolo documentele de care au nevoie pentru ob\u021binerea \u0219omajului tehnic \u0219i tot acolo le vor depune dup\u0103 completare,\u201d a declarat Victor Picu, pre\u0219edinte ANOFM.<\/p>\n<p><span style=\"font-size: 1rem\">Platforma aici.gov.ro \u00ee\u0219i va extinde \u00een perioada urm\u0103toare func\u021bionalit\u0103\u021bile. Astfel, \u00een mod etapizat, toate institu\u021biile publice din Rom\u00e2nia se vor putea \u00eenrola pentru a r\u0103spunde rapid solicit\u0103rilor cet\u0103\u021benilor, \u00een format electronic.<\/span>Introduceti continutul text. Eventualele incarcari de fisiere se fac in faza de editare<\/p>\n","protected":false},"excerpt":{"rendered":"<p>platforma<\/p>\n","protected":false},"author":0,"featured_media":0,"comment_status":"closed","ping_status":"closed","sticky":false,"template":"","format":"standard","meta":{"footnotes":""},"categories":[9],"tags":[],"class_list":["post-208","post","type-post","status-publish","format-standard","hentry","category-comunicate-de-presa"],"_links":{"self":[{"href":"https:\/\/www.anofm.ro\/teleorman\/wp-json\/wp\/v2\/posts\/208","targetHints":{"allow":["GET"]}}],"collection":[{"href":"https:\/\/www.anofm.ro\/teleorman\/wp-json\/wp\/v2\/posts"}],"about":[{"href":"https:\/\/www.anofm.ro\/teleorman\/wp-json\/wp\/v2\/types\/post"}],"replies":[{"embeddable":true,"href":"https:\/\/www.anofm.ro\/teleorman\/wp-json\/wp\/v2\/comments?post=208"}],"version-history":[{"count":0,"href":"https:\/\/www.anofm.ro\/teleorman\/wp-json\/wp\/v2\/posts\/208\/revisions"}],"wp:attachment":[{"href":"https:\/\/www.anofm.ro\/teleorman\/wp-json\/wp\/v2\/media?parent=208"}],"wp:term":[{"taxonomy":"category","embeddable":true,"href":"https:\/\/www.anofm.ro\/teleorman\/wp-json\/wp\/v2\/categories?post=208"},{"taxonomy":"post_tag","embeddable":true,"href":"https:\/\/www.anofm.ro\/teleorman\/wp-json\/wp\/v2\/tags?post=208"}],"curies":[{"name":"wp","href":"https:\/\/api.w.org\/{rel}","templated":true}]}}