{"id":202,"date":"2020-03-24T00:00:00","date_gmt":"2020-03-23T22:00:00","guid":{"rendered":"https:\/\/www.anofm.ro\/teleorman\/metode-de-comunicare-si-informare-cu-privire-la-somajul-tehnic-si-zile-libere-parinti\/"},"modified":"2020-03-24T00:00:00","modified_gmt":"2020-03-23T22:00:00","slug":"metode-de-comunicare-si-informare-cu-privire-la-somajul-tehnic-si-zile-libere-parinti","status":"publish","type":"post","link":"https:\/\/www.anofm.ro\/teleorman\/metode-de-comunicare-si-informare-cu-privire-la-somajul-tehnic-si-zile-libere-parinti\/","title":{"rendered":"Metode de comunicare \u015fi informare cu privire la somajul tehnic si zile libere parinti"},"content":{"rendered":"<p>La nivelul Agen\u021biei Jude\u021bene pentru Ocuparea For\u021bei de Munc\u0103 Teleorman\u00a0<span style=\"font-size: 1rem\">sunt puse la dispozi\u0163ia persoanelor interesate , urm\u0103toarele metode de comunicare<\/span><\/p>\n<p>\u015fi informare cu privire la modalit\u0103\u021bile de acordare a m\u0103surile prev\u0103zute de OUG\u00a0<span style=\"font-size: 1rem\">30\/2020- \u015fomaj tehnic \u015fi Legea 19\/2020- zile libere acordate p\u0103rin\u0163ilor, respectiv\u00a0<\/span><span style=\"font-size: 1rem\">de plata a indemniza\u021biilor acordate salaria\u021bilor \u00een valoare de 75% din salariile brute\u00a0<\/span><span style=\"font-size: 1rem\">din bugetul asigur\u0103rilor pentru \u0219omaj, astfel:<\/span><\/p>\n<p>&#8211; Pentru plata indemniza\u021biilor acordate salaria\u021bilor \u00een valoare de 75% din<span style=\"font-size: 1rem\">salariile brute acordate, pentru to\u021bi angaja\u021bii lor, dar nu mai mult de 75<\/span><\/p>\n<p>% din c\u00e2\u0219tigul salarial mediu brut prev\u0103zut de Legea bugetului asigur\u0103rilor<span style=\"font-size: 1rem\">sociale de stat pe anul 2020 ( \u015fomajul tehnic): Telefon : 0247312944\u00a0<\/span><span style=\"font-size: 1rem\">interior 101\/0247315915 int 305\u00a0<\/span><\/p>\n<p><span style=\"font-size: 1rem\">Informa\u021biile vor fi furnizate de : dl. Bitin Nicolae si dna. C\u00eerjan-Marinescu\u00a0<\/span><span style=\"font-size: 1rem\">Mihaela.<\/span><\/p>\n<p>&#8211; Pentru plata indemniza\u021bie aferente zilelor libere pentru p\u0103rin\u021bii care \u00ee\u0219i\u00a0<span style=\"font-size: 1rem\">supravegheaz\u0103 copiii p\u00e2n\u0103 la 12 ani, \u00een situa\u021bia suspend\u0103rii cursurilor sau<\/span><\/p>\n<p>\u00eenchiderii temporare a unit\u0103\u021bilor de \u00eenv\u0103\u021b\u0103m\u00e2nt : Telefon : 0247312944 interior\u00a0<span style=\"font-size: 1rem\">101\/0247312944 interior 107<\/span><\/p>\n<p>Informa\u021biile vor fi furnizate de : dl. Achim Carania Mariean si dna. B\u0103dici\u00a0<span style=\"font-size: 1rem\">Cristina Cerasela.<\/span><\/p>\n<p>Documentele necesare acord\u0103rii indemnizatiilor amintite pot fi depuse la\u00a0<span style=\"font-size: 1rem\">Agen\u021bia Jude\u021bean\u0103 pentru Ocuparea For\u021bei de Munc\u0103 Teleorman, prin platforma:\u00a0<\/span><span style=\"font-size: 1rem\">https:\/\/aici.gov.ro\/<\/span><\/p>\n<p>Totodata reamintim c\u0103 Agen\u021bia Na\u021bional\u0103 pentru Ocuparea For\u021bei de Munc\u0103\u00a0<span style=\"font-size: 1rem\">(ANOFM) a organizat un call-center intern \u0219i a stabilit un num\u0103r unic de apel la care\u00a0<\/span><span style=\"font-size: 1rem\">cet\u0103\u021benii pot suna pentru a ob\u021bine informa\u021bii suplimentare cu privire la\u00a0<\/span><span style=\"font-size: 1rem\">modalit\u0103\u021bile de acordare a \u0219omajului tehnic.<\/span><\/p>\n<p>Angajatorii sau angaja\u021bii care doresc s\u0103 ob\u021bin\u0103 informa\u021bii suplimentare cu privire la\u00a0<span style=\"font-size: 1rem\">acordarea \u0219omajului tehnic, pot apela: 021\/4444-000, num\u0103r cu tarif normal.<\/span><\/p>\n","protected":false},"excerpt":{"rendered":"<p>adresa mail<\/p>\n","protected":false},"author":0,"featured_media":0,"comment_status":"closed","ping_status":"closed","sticky":false,"template":"","format":"standard","meta":{"footnotes":""},"categories":[9],"tags":[],"class_list":["post-202","post","type-post","status-publish","format-standard","hentry","category-comunicate-de-presa"],"_links":{"self":[{"href":"https:\/\/www.anofm.ro\/teleorman\/wp-json\/wp\/v2\/posts\/202","targetHints":{"allow":["GET"]}}],"collection":[{"href":"https:\/\/www.anofm.ro\/teleorman\/wp-json\/wp\/v2\/posts"}],"about":[{"href":"https:\/\/www.anofm.ro\/teleorman\/wp-json\/wp\/v2\/types\/post"}],"replies":[{"embeddable":true,"href":"https:\/\/www.anofm.ro\/teleorman\/wp-json\/wp\/v2\/comments?post=202"}],"version-history":[{"count":0,"href":"https:\/\/www.anofm.ro\/teleorman\/wp-json\/wp\/v2\/posts\/202\/revisions"}],"wp:attachment":[{"href":"https:\/\/www.anofm.ro\/teleorman\/wp-json\/wp\/v2\/media?parent=202"}],"wp:term":[{"taxonomy":"category","embeddable":true,"href":"https:\/\/www.anofm.ro\/teleorman\/wp-json\/wp\/v2\/categories?post=202"},{"taxonomy":"post_tag","embeddable":true,"href":"https:\/\/www.anofm.ro\/teleorman\/wp-json\/wp\/v2\/tags?post=202"}],"curies":[{"name":"wp","href":"https:\/\/api.w.org\/{rel}","templated":true}]}}