{"id":198,"date":"2020-03-23T00:00:00","date_gmt":"2020-03-22T22:00:00","guid":{"rendered":"https:\/\/www.anofm.ro\/teleorman\/ordonanta-de-urgenta-nr-30-din-18-martie-2020-pentru-modificarea-si-completarea-unor-acte-normative-precum-si-pentru-stabilirea-unor-masuri-in-domeniul-protectiei-sociale-in-contextul-situatiei-epid\/"},"modified":"2020-03-23T00:00:00","modified_gmt":"2020-03-22T22:00:00","slug":"ordonanta-de-urgenta-nr-30-din-18-martie-2020-pentru-modificarea-si-completarea-unor-acte-normative-precum-si-pentru-stabilirea-unor-masuri-in-domeniul-protectiei-sociale-in-contextul-situatiei-epid","status":"publish","type":"post","link":"https:\/\/www.anofm.ro\/teleorman\/ordonanta-de-urgenta-nr-30-din-18-martie-2020-pentru-modificarea-si-completarea-unor-acte-normative-precum-si-pentru-stabilirea-unor-masuri-in-domeniul-protectiei-sociale-in-contextul-situatiei-epid\/","title":{"rendered":"ORDONAN\u0162\u0102 DE URGEN\u0162\u0102 nr. 30 din 18 martie 2020 pentru modificarea \u015fi completarea unor acte normative, precum \u015fi pentru stabilirea unor m\u0103suri \u00een domeniul protec\u0163iei sociale \u00een contextul situa\u0163iei epid"},"content":{"rendered":"<p><a href=\"\/upload\/11594\/ORD_DE_URGENTA_30_18-03-2020.pdf\">ORD_DE_URGENTA_30_18-03-2020.pdf<\/a> <\/p>\n<p><a href=\"\/upload\/11594\/ANEXA_1_-_editabil.docx\">ANEXA_1_-_editabil.docx<\/a> <a href=\"\/upload\/11594\/ANEXA_3_-_editabil_1.docx\"><\/p>\n<p>ANEXA_2_-_editabil.docx<\/p>\n<p><\/a><a href=\"\/upload\/11594\/ANEXA_3_-_editabil_1.docx\"><\/p>\n<p><\/a> <a href=\"\/upload\/11594\/ANEXA_3_-_editabil_1.docx\">ANEXA_3_-_editabil_1.docx<\/a> <\/p>\n<p><\/p>\n","protected":false},"excerpt":{"rendered":"<p>ORDONAN\u0162\u0102 DE URGEN\u0162\u0102 nr. 30 din 18 martie 2020<\/p>\n","protected":false},"author":0,"featured_media":0,"comment_status":"closed","ping_status":"closed","sticky":false,"template":"","format":"standard","meta":{"footnotes":""},"categories":[9],"tags":[],"class_list":["post-198","post","type-post","status-publish","format-standard","hentry","category-comunicate-de-presa"],"_links":{"self":[{"href":"https:\/\/www.anofm.ro\/teleorman\/wp-json\/wp\/v2\/posts\/198","targetHints":{"allow":["GET"]}}],"collection":[{"href":"https:\/\/www.anofm.ro\/teleorman\/wp-json\/wp\/v2\/posts"}],"about":[{"href":"https:\/\/www.anofm.ro\/teleorman\/wp-json\/wp\/v2\/types\/post"}],"replies":[{"embeddable":true,"href":"https:\/\/www.anofm.ro\/teleorman\/wp-json\/wp\/v2\/comments?post=198"}],"version-history":[{"count":0,"href":"https:\/\/www.anofm.ro\/teleorman\/wp-json\/wp\/v2\/posts\/198\/revisions"}],"wp:attachment":[{"href":"https:\/\/www.anofm.ro\/teleorman\/wp-json\/wp\/v2\/media?parent=198"}],"wp:term":[{"taxonomy":"category","embeddable":true,"href":"https:\/\/www.anofm.ro\/teleorman\/wp-json\/wp\/v2\/categories?post=198"},{"taxonomy":"post_tag","embeddable":true,"href":"https:\/\/www.anofm.ro\/teleorman\/wp-json\/wp\/v2\/tags?post=198"}],"curies":[{"name":"wp","href":"https:\/\/api.w.org\/{rel}","templated":true}]}}