{"id":197,"date":"2020-03-23T00:00:00","date_gmt":"2020-03-22T22:00:00","guid":{"rendered":"https:\/\/www.anofm.ro\/teleorman\/comunicat-de-presa-zile-libere-pentru-parintii-care-isi-supravegheaza-copiii-pana-la-12-ani\/"},"modified":"2020-03-23T00:00:00","modified_gmt":"2020-03-22T22:00:00","slug":"comunicat-de-presa-zile-libere-pentru-parintii-care-isi-supravegheaza-copiii-pana-la-12-ani","status":"publish","type":"post","link":"https:\/\/www.anofm.ro\/teleorman\/comunicat-de-presa-zile-libere-pentru-parintii-care-isi-supravegheaza-copiii-pana-la-12-ani\/","title":{"rendered":"Comunicat de presa &#8211; zile libere pentru p\u0103rin\u021bii care \u00ee\u0219i supravegheaz\u0103 copiii p\u00e2n\u0103 la 12 ani"},"content":{"rendered":"<p><a href=\"\/upload\/11567\/comunicat_zile_libere.pdf\">comunicat_zile_libere.pdf<\/a> <\/p>\n","protected":false},"excerpt":{"rendered":"<p>Zile libere parinti<\/p>\n","protected":false},"author":0,"featured_media":0,"comment_status":"closed","ping_status":"closed","sticky":false,"template":"","format":"standard","meta":{"footnotes":""},"categories":[9],"tags":[],"class_list":["post-197","post","type-post","status-publish","format-standard","hentry","category-comunicate-de-presa"],"_links":{"self":[{"href":"https:\/\/www.anofm.ro\/teleorman\/wp-json\/wp\/v2\/posts\/197","targetHints":{"allow":["GET"]}}],"collection":[{"href":"https:\/\/www.anofm.ro\/teleorman\/wp-json\/wp\/v2\/posts"}],"about":[{"href":"https:\/\/www.anofm.ro\/teleorman\/wp-json\/wp\/v2\/types\/post"}],"replies":[{"embeddable":true,"href":"https:\/\/www.anofm.ro\/teleorman\/wp-json\/wp\/v2\/comments?post=197"}],"version-history":[{"count":0,"href":"https:\/\/www.anofm.ro\/teleorman\/wp-json\/wp\/v2\/posts\/197\/revisions"}],"wp:attachment":[{"href":"https:\/\/www.anofm.ro\/teleorman\/wp-json\/wp\/v2\/media?parent=197"}],"wp:term":[{"taxonomy":"category","embeddable":true,"href":"https:\/\/www.anofm.ro\/teleorman\/wp-json\/wp\/v2\/categories?post=197"},{"taxonomy":"post_tag","embeddable":true,"href":"https:\/\/www.anofm.ro\/teleorman\/wp-json\/wp\/v2\/tags?post=197"}],"curies":[{"name":"wp","href":"https:\/\/api.w.org\/{rel}","templated":true}]}}