{"id":154,"date":"2020-01-14T00:00:00","date_gmt":"2020-01-13T22:00:00","guid":{"rendered":"https:\/\/www.anofm.ro\/teleorman\/informatii-referitoare-la-programul-destinat-studentilor-care-au-cunostinte-bune-foarte-bune-de-limba-germana-interesati-sa-lucreze-in-germania-pe-perioada-vacantei-de-vara\/"},"modified":"2020-01-14T00:00:00","modified_gmt":"2020-01-13T22:00:00","slug":"informatii-referitoare-la-programul-destinat-studentilor-care-au-cunostinte-bune-foarte-bune-de-limba-germana-interesati-sa-lucreze-in-germania-pe-perioada-vacantei-de-vara","status":"publish","type":"post","link":"https:\/\/www.anofm.ro\/teleorman\/informatii-referitoare-la-programul-destinat-studentilor-care-au-cunostinte-bune-foarte-bune-de-limba-germana-interesati-sa-lucreze-in-germania-pe-perioada-vacantei-de-vara\/","title":{"rendered":"Informatii referitoare la programul destinat studentilor care au cunostinte bune\/foarte bune de limba germana, interesati sa lucreze in Germania pe perioada vacantei de vara"},"content":{"rendered":"<p><a href=\"\/upload\/10314\/anunt.pdf\">anunt.pdf<\/a>\u00a0<\/p>\n<p><a href=\"\/upload\/10314\/B-Immatrikulation-en_ba015238.pdf\">B-Immatrikulation-en_ba015238.pdf<\/a>\u00a0<\/p>\n<p><a href=\"\/upload\/10314\/Bewerbungsbogen.pdf\">Bewerbungsbogen.pdf<\/a>\u00a0<\/p>\n<p><a href=\"\/upload\/10314\/Foaie_informativa_pentru_studenti.pdf\">Foaie_informativa_pentru_studenti.pdf<\/a>\u00a0<\/p>\n<p><a href=\"\/upload\/10314\/MerkblattFerien.pdf\">MerkblattFerien.pdf<\/a>\u00a0<\/p>\n<p><a href=\"\/upload\/10314\/Precizari_si_instructiuni_de_completare_a_adeverintei_de_student.pdf\">Precizari_si_instructiuni_de_completare_a_adeverintei_de_student.pdf<\/a>\u00a0<\/p>\n<p><a href=\"\/upload\/10314\/Preciz%C4%83ri_%C5%9Fi_instruc%C5%A3iuni_de_completare_a_fisei_de_solicitare.pdf\">Preciz\u0103ri_\u015fi_instruc\u0163iuni_de_completare_a_fisei_de_solicitare.pdf<\/a> <\/p>\n","protected":false},"excerpt":{"rendered":"<p>Informatii referitoare la programul destinat studentilor care au cunostinte bune\/foarte bune de limba germana, interesati sa lucreze in Germania pe perioada vacantei de vara<\/p>\n","protected":false},"author":0,"featured_media":0,"comment_status":"closed","ping_status":"closed","sticky":false,"template":"","format":"standard","meta":{"footnotes":""},"categories":[16],"tags":[],"class_list":["post-154","post","type-post","status-publish","format-standard","hentry","category-materiale-informative"],"_links":{"self":[{"href":"https:\/\/www.anofm.ro\/teleorman\/wp-json\/wp\/v2\/posts\/154","targetHints":{"allow":["GET"]}}],"collection":[{"href":"https:\/\/www.anofm.ro\/teleorman\/wp-json\/wp\/v2\/posts"}],"about":[{"href":"https:\/\/www.anofm.ro\/teleorman\/wp-json\/wp\/v2\/types\/post"}],"replies":[{"embeddable":true,"href":"https:\/\/www.anofm.ro\/teleorman\/wp-json\/wp\/v2\/comments?post=154"}],"version-history":[{"count":0,"href":"https:\/\/www.anofm.ro\/teleorman\/wp-json\/wp\/v2\/posts\/154\/revisions"}],"wp:attachment":[{"href":"https:\/\/www.anofm.ro\/teleorman\/wp-json\/wp\/v2\/media?parent=154"}],"wp:term":[{"taxonomy":"category","embeddable":true,"href":"https:\/\/www.anofm.ro\/teleorman\/wp-json\/wp\/v2\/categories?post=154"},{"taxonomy":"post_tag","embeddable":true,"href":"https:\/\/www.anofm.ro\/teleorman\/wp-json\/wp\/v2\/tags?post=154"}],"curies":[{"name":"wp","href":"https:\/\/api.w.org\/{rel}","templated":true}]}}