{"id":6366,"date":"2026-04-20T11:16:18","date_gmt":"2026-04-20T08:16:18","guid":{"rendered":"https:\/\/www.anofm.ro\/suceava\/?p=6366"},"modified":"2026-04-20T11:16:18","modified_gmt":"2026-04-20T08:16:18","slug":"guvernul-romaniei-a-aprobat-hotararea-pentru-modernizarea-anofm-prin-implementarea-proiectului-smart-spo-si-transformarea-serviciilor-publice-de-ocupare","status":"publish","type":"post","link":"https:\/\/www.anofm.ro\/suceava\/guvernul-romaniei-a-aprobat-hotararea-pentru-modernizarea-anofm-prin-implementarea-proiectului-smart-spo-si-transformarea-serviciilor-publice-de-ocupare\/","title":{"rendered":"Guvernul Rom\u00e2niei a aprobat Hot\u0103r\u00e2rea pentru modernizarea ANOFM, prin implementarea proiectului SMART SPO \u0219i transformarea serviciilor publice de ocupare"},"content":{"rendered":"\n<p>Agen\u021bia Na\u021bional\u0103 pentru Ocuparea For\u021bei de Munc\u0103 (ANOFM) anun\u021b\u0103 aprobarea de c\u0103tre Guvernul Rom\u00e2niei a Hot\u0103r\u00e2rii pentru modificarea Statutului institu\u021biei, act normativ esen\u021bial pentru implementarea proiectului strategic \u201eSMART SPO \u2013 Servicii moderne, accesibile \u0219i preg\u0103tite pentru viitor\u201d.<\/p>\n\n\n\n<p>Adoptarea acestei Hot\u0103r\u00e2ri reprezint\u0103 o etap\u0103 fundamental\u0103 \u00een procesul de reform\u0103 a Serviciului Public de Ocupare din Rom\u00e2nia, \u00een contextul angajamentelor asumate prin Programul Educa\u021bie \u0219i Ocupare 2021\u20132027 \u0219i al necesit\u0103\u021bii moderniz\u0103rii serviciilor oferite pe pia\u021ba muncii.<\/p>\n\n\n\n<p><strong>Proiectul SMART SPO \u2013 reform\u0103 structural\u0103 a serviciilor de ocupare<\/strong><\/p>\n\n\n\n<p>Proiectul \u201eSMART SPO\u201d, finan\u021bat din Fondul Social European+ prin Programul Educa\u021bie \u0219i Ocupare 2021\u20132027, cu un buget total de aproximativ 183 milioane euro \u0219i o durat\u0103 de implementare de 60 de luni, urm\u0103re\u0219te modernizarea Serviciului Public de Ocupare prin adaptarea acestuia la provoc\u0103rile actuale ale pie\u021bei muncii.<\/p>\n\n\n\n<p>Acesta are la baz\u0103 un model inovator de finan\u021bare \u2013 finan\u021barea nelegat\u0103 de costuri (FNLC) \u2013 prin care sprijinul financiar european este acordat \u00een func\u021bie de rezultatele ob\u021binute, f\u0103r\u0103 raportare la cheltuielile efective.<\/p>\n\n\n\n<p>Implementarea proiectului este realizat\u0103 cu sprijinul B\u0103ncii Mondiale, \u00een cadrul unui proces amplu de reform\u0103 institu\u021bional\u0103, fundamentat pe analize strategice \u0219i recomand\u0103ri privind consolidarea capacit\u0103\u021bii administrative \u0219i cre\u0219terea eficien\u021bei serviciilor.<\/p>\n\n\n\n<p><strong>Echipele mobile \u2013 acces direct la servicii pentru comunit\u0103\u021bi<\/strong><\/p>\n\n\n\n<p>Un element central al proiectului \u00eel reprezint\u0103 dezvoltarea echipelor mobile de interven\u021bie, care vor facilita accesul la servicii \u00een comunit\u0103\u021bile rurale \u0219i \u00een zonele greu accesibile.<\/p>\n\n\n\n<p>Aceste echipe vor avea rolul de a identifica \u0219i \u00eenregistra persoanele inactive, de a oferi servicii de informare \u0219i consiliere direct \u00een comunit\u0103\u021bi \u0219i de a sprijini integrarea pe pia\u021ba muncii a persoanelor din grupuri vulnerabile, precum tinerii NEET, femeile, persoanele cu dizabilit\u0103\u021bi sau beneficiarii de venit minim de incluziune.<\/p>\n\n\n\n<p>Totodat\u0103, vor contribui la cre\u0219terea vizibilit\u0103\u021bii serviciilor oferite de ANOFM \u0219i la dezvoltarea unui model de interven\u021bie proactiv, bazat pe contact direct cu beneficiarii.<\/p>\n\n\n\n<p><strong>Impactul social<\/strong><\/p>\n\n\n\n<p>Proiectul r\u0103spunde unor provoc\u0103ri majore ale pie\u021bei muncii din Rom\u00e2nia, precum deficitul de for\u021b\u0103 de munc\u0103, sc\u0103derea popula\u021biei active \u0219i participarea redus\u0103 la pia\u021ba muncii a unor categorii vulnerabile.<\/p>\n\n\n\n<p>\u00cen prezent, rata de ocupare \u00een Rom\u00e2nia r\u0103m\u00e2ne sub media Uniunii Europene, \u00een special \u00een r\u00e2ndul femeilor, tinerilor, persoanelor slab calificate \u0219i persoanelor cu dizabilit\u0103\u021bi. \u00cen acela\u0219i timp, un num\u0103r semnificativ de persoane inactive nu sunt \u00eenregistrate \u00een eviden\u021bele Serviciului Public de Ocupare \u0219i nu beneficiaz\u0103 de sprijin specializat.<\/p>\n\n\n\n<p>Prin implementarea proiectului, se urm\u0103re\u0219te:<\/p>\n\n\n\n<ul class=\"wp-block-list\">\n<li>cre\u0219terea gradului de ocupare \u0219i activarea persoanelor inactive;<\/li>\n\n\n\n<li>\u00eembun\u0103t\u0103\u021birea accesului la servicii pentru persoanele din mediul rural \u0219i din zone defavorizate;<\/li>\n\n\n\n<li>cre\u0219terea particip\u0103rii femeilor \u0219i tinerilor pe pia\u021ba muncii;<\/li>\n\n\n\n<li>dezvoltarea de servicii personalizate, adaptate nevoilor fiec\u0103rui beneficiar;<\/li>\n\n\n\n<li>consolidarea rolului ANOFM ca mediator activ \u00eentre cererea \u0219i oferta de munc\u0103.<\/li>\n<\/ul>\n\n\n\n<p>Pe termen lung, aceste m\u0103suri vor contribui la reducerea inegalit\u0103\u021bilor sociale, la cre\u0219terea incluziunii pe pia\u021ba muncii \u0219i la stimularea dezvolt\u0103rii economice.<\/p>\n\n\n\n<p><strong>Impactul bugetar<\/strong><\/p>\n\n\n\n<p>Finan\u021barea proiectului este asigurat\u0103 din fonduri externe nerambursabile, p\u00e2n\u0103 la finalul anului 2029.<\/p>\n\n\n\n<p>Implementarea acestuia genereaz\u0103 un impact financiar pozitiv asupra bugetului general consolidat, estimat la aproximativ 88,4 milioane lei, rezultat din diferen\u021ba dintre veniturile generate de contribu\u021biile \u0219i impozitele aferente salariilor \u0219i cheltuielile de cofinan\u021bare din fonduri na\u021bionale.<\/p>\n\n\n\n<p>De asemenea, prin integrarea pe pia\u021ba muncii a persoanelor inactive, se estimeaz\u0103 un impact bugetar pozitiv semnificativ, de peste 2 miliarde lei \u00een perioada 2026\u20132029, ca urmare a cre\u0219terii veniturilor din taxe \u0219i contribu\u021bii sociale.<\/p>\n\n\n\n<p><strong>Declara\u021bia pre\u0219edintelui ANOFM<\/strong><\/p>\n\n\n\n<p>\u201ePrin SMART SPO, vom dezvolta servicii moderne \u0219i personalizate pentru \u0219omeri \u0219i angajatori, vom identifica \u0219i \u00eenregistra 275.000 de persoane inactive, vom sprijini 21.000 de angajatori \u0219i vom asigura formarea profesional\u0103 a 1.840 de angaja\u021bi ai institu\u021biei.<\/p>\n\n\n\n<p>Un element esen\u021bial al acestei reforme \u00eel reprezint\u0103 echipele mobile, care vor schimba fundamental modul \u00een care intervenim \u00een teritoriu. Vom merge direct \u00een comunit\u0103\u021bi, \u00een special \u00een zonele rurale \u0219i \u00een cele greu accesibile, pentru a identifica persoanele care nu sunt integrate pe pia\u021ba muncii \u0219i pentru a le oferi sprijin concret, adaptat nevoilor lor. Este o schimbare de paradigm\u0103: de la un serviciu care a\u0219teapt\u0103 beneficiarii, la unul care merge activ c\u0103tre oameni.<\/p>\n\n\n\n<p>Ne propunem s\u0103 cre\u0219tem accesul la servicii, eficien\u021ba interven\u021biilor \u0219i impactul real asupra pie\u021bei muncii din Rom\u00e2nia\u201d -Adrian Zv\u00eenc\u0103, pre\u0219edintele ANOFM.<\/p>\n","protected":false},"excerpt":{"rendered":"<p>Agen\u021bia Na\u021bional\u0103 pentru Ocuparea For\u021bei de Munc\u0103 (ANOFM) anun\u021b\u0103 aprobarea de c\u0103tre Guvernul Rom\u00e2niei a Hot\u0103r\u00e2rii pentru modificarea Statutului institu\u021biei, act normativ esen\u021bial pentru implementarea proiectului strategic \u201eSMART SPO \u2013<\/p>\n","protected":false},"author":245,"featured_media":6367,"comment_status":"closed","ping_status":"closed","sticky":false,"template":"","format":"standard","meta":{"footnotes":""},"categories":[32,31],"tags":[],"class_list":["post-6366","post","type-post","status-publish","format-standard","has-post-thumbnail","hentry","category-ultimele-noutati","category-ultimele-noutati-slider"],"_links":{"self":[{"href":"https:\/\/www.anofm.ro\/suceava\/wp-json\/wp\/v2\/posts\/6366","targetHints":{"allow":["GET"]}}],"collection":[{"href":"https:\/\/www.anofm.ro\/suceava\/wp-json\/wp\/v2\/posts"}],"about":[{"href":"https:\/\/www.anofm.ro\/suceava\/wp-json\/wp\/v2\/types\/post"}],"author":[{"embeddable":true,"href":"https:\/\/www.anofm.ro\/suceava\/wp-json\/wp\/v2\/users\/245"}],"replies":[{"embeddable":true,"href":"https:\/\/www.anofm.ro\/suceava\/wp-json\/wp\/v2\/comments?post=6366"}],"version-history":[{"count":1,"href":"https:\/\/www.anofm.ro\/suceava\/wp-json\/wp\/v2\/posts\/6366\/revisions"}],"predecessor-version":[{"id":6368,"href":"https:\/\/www.anofm.ro\/suceava\/wp-json\/wp\/v2\/posts\/6366\/revisions\/6368"}],"wp:featuredmedia":[{"embeddable":true,"href":"https:\/\/www.anofm.ro\/suceava\/wp-json\/wp\/v2\/media\/6367"}],"wp:attachment":[{"href":"https:\/\/www.anofm.ro\/suceava\/wp-json\/wp\/v2\/media?parent=6366"}],"wp:term":[{"taxonomy":"category","embeddable":true,"href":"https:\/\/www.anofm.ro\/suceava\/wp-json\/wp\/v2\/categories?post=6366"},{"taxonomy":"post_tag","embeddable":true,"href":"https:\/\/www.anofm.ro\/suceava\/wp-json\/wp\/v2\/tags?post=6366"}],"curies":[{"name":"wp","href":"https:\/\/api.w.org\/{rel}","templated":true}]}}