{"id":32,"date":"2019-01-08T00:00:00","date_gmt":"2019-01-07T22:00:00","guid":{"rendered":"https:\/\/www.anofm.ro\/salaj\/intespo-inregistrarea-tinerilor-in-evidentele-serviciului-public-de-ocupare\/"},"modified":"2019-01-08T00:00:00","modified_gmt":"2019-01-07T22:00:00","slug":"intespo-inregistrarea-tinerilor-in-evidentele-serviciului-public-de-ocupare","status":"publish","type":"post","link":"https:\/\/www.anofm.ro\/salaj\/intespo-inregistrarea-tinerilor-in-evidentele-serviciului-public-de-ocupare\/","title":{"rendered":"INTESPO \u2013 Inregistrarea Tinerilor in Evidentele Serviciului Public de Ocupare"},"content":{"rendered":"<h4> INTESPO \u2013 Inregistrarea Tinerilor in Evidentele Serviciului Public de Ocupare <\/h4>\n<h4>\u00a0<\/h4>\n<div>\n<p><b style=\"font-family:\"><span style=\"font-size: 11pt;line-height: 16.8667px;font-family:\" lang=\"RO\">POCU\/135\/2\/3\/113589<\/span><\/b><\/p>\n<p class=\"MsoNormal\" style=\"margin: 0px 0px 6pt;font-family:\"><span style=\"font-size: 11pt;line-height: 16.8667px;font-family:\">Agen\u021bia Na\u021bional\u0103 pentru Ocuparea For\u021bei de Munc\u0103 implementeaz\u0103,<\/span>\u00a0<span style=\"font-size: 11pt;line-height: 16.8667px;font-family:\">\u00een<br \/>\n parteneriat cu Ministerul Muncii \u0219i Justi\u021biei Sociale, Ministerul<br \/>\nEduca\u021biei Na\u021bionale \u0219i Agen\u021bia Na\u021bional\u0103 pentru Pl\u0103\u021bi \u0219i Inspec\u021bie<br \/>\nSocial\u0103, proiectul\u00a0<i>INTESPO \u2013 \u00cenregistrarea Tinerilor \u00een Eviden\u021bele Serviciului Public de Ocupare.<\/i><\/span><\/p>\n<p class=\"MsoNormal\" style=\"margin: 0px 0px 6pt;font-family:\"><span style=\"font-size: 11pt;line-height: 16.8667px;font-family:\">Proiectul<br \/>\n este cofinan\u0163at prin Programul Opera\u0163ional Capital Uman, Axa prioritar\u0103<br \/>\n 2 \u2013 \u00cembun\u0103t\u0103\u0163irea situa\u0163iei tinerilor din categoria NEETs, Obiectiv<br \/>\nspecific 2.3 &#8211; Cre\u0219terea num\u0103rului tinerilor NEETs inactivi \u00eenregistra\u021bi<br \/>\n la Serviciul Public de Ocupare.<\/span><\/p>\n<p class=\"MsoNormal\" style=\"margin: 0px 0px 6pt;font-family:\"><span style=\"font-size: 11pt;line-height: 16.8667px;font-family:\">Obiectivul<br \/>\n general al proiectului \u00eel constituie cre\u0219terea num\u0103rului de tineri<br \/>\nNEETs \u00eenregistra\u021bi la Serviciul Public de Ocupare (SPO) \u00een vederea<br \/>\nfurniz\u0103rii de m\u0103suri specializate de sprijin.<\/span><\/p>\n<p style=\"margin: 0px 0px 10px;font-family:\"><a href=\"\/upload\/3688\/Informare_ACTIMOB_2-Ianuarie_2019.pdf\">Informare_INTESPO_-Ianuarie_2019<\/a><\/p>\n<p style=\"margin: 0px 0px 10px;font-family:\"><a style=\"background-color: transparent\" href=\"\/upload\/3688\/Informare_INTESPO_Noiembrie_2018.pdf\">Informare_INTESPO_Noiembrie_2018.pdf<\/a><\/p>\n<p style=\"margin: 0px 0px 10px;font-family:\"><a style=\"background-color: transparent\" href=\"\/upload\/3688\/Informare_INTESPO_Octombrie_2018.pdf\">Informare_INTESPO_Octombrie_2018.pdf<\/a><\/p>\n<p style=\"margin: 0px 0px 10px;font-family:\"><a href=\"\/upload\/3688\/Informare_INTESPO_August_2018.pdf\"><span>Informare_INTESPO_August_2018.pdf<\/span>\u00a0<\/a><\/p>\n<p style=\"margin: 0px 0px 10px;font-family:\"><a href=\"\/upload\/3688\/Informare_INTESPO_Iulie_2018.pdf\"><span>Informare_INTESPO_Iulie_2018.pdf<\/span>\u00a0<\/a><\/p>\n<p style=\"margin: 0px 0px 10px;font-family:\"><a href=\"\/upload\/3688\/Informare_INTESPO_Mai_2018.pdf\"><span>Informare_INTESPO_Mai_2018.pdf<\/span>\u00a0<\/a><\/p>\n<p style=\"margin: 0px 0px 10px;font-family:\"><a href=\"\/upload\/3688\/Informare_INTESPO_Aprilie_2018.pdf\"><span>Informare_INTESPO_Aprilie_2018.pdf<\/span>\u00a0<\/a><\/p>\n<p style=\"margin: 0px 0px 10px;font-family:\"><a style=\"background-color: transparent\" href=\"\/upload\/3688\/Informare_INTESPO_Martie_2018.pdf\">Informare_INTESPO_Martie_2018.pdf<\/a><\/p>\n<p style=\"margin: 0px 0px 10px;font-family:\"><a style=\"background-color: transparent\" href=\"\/upload\/3688\/Fisa_proiect_INTESPO_1.pdf\">Fisa_proiect_INTESPO_1.pdf<\/a><\/p>\n<\/div>\n","protected":false},"excerpt":{"rendered":"<p>intespo,salaj<\/p>\n","protected":false},"author":0,"featured_media":0,"comment_status":"closed","ping_status":"closed","sticky":false,"template":"","format":"standard","meta":{"footnotes":""},"categories":[20],"tags":[],"class_list":["post-32","post","type-post","status-publish","format-standard","hentry","category-proiecte"],"_links":{"self":[{"href":"https:\/\/www.anofm.ro\/salaj\/wp-json\/wp\/v2\/posts\/32","targetHints":{"allow":["GET"]}}],"collection":[{"href":"https:\/\/www.anofm.ro\/salaj\/wp-json\/wp\/v2\/posts"}],"about":[{"href":"https:\/\/www.anofm.ro\/salaj\/wp-json\/wp\/v2\/types\/post"}],"replies":[{"embeddable":true,"href":"https:\/\/www.anofm.ro\/salaj\/wp-json\/wp\/v2\/comments?post=32"}],"version-history":[{"count":0,"href":"https:\/\/www.anofm.ro\/salaj\/wp-json\/wp\/v2\/posts\/32\/revisions"}],"wp:attachment":[{"href":"https:\/\/www.anofm.ro\/salaj\/wp-json\/wp\/v2\/media?parent=32"}],"wp:term":[{"taxonomy":"category","embeddable":true,"href":"https:\/\/www.anofm.ro\/salaj\/wp-json\/wp\/v2\/categories?post=32"},{"taxonomy":"post_tag","embeddable":true,"href":"https:\/\/www.anofm.ro\/salaj\/wp-json\/wp\/v2\/tags?post=32"}],"curies":[{"name":"wp","href":"https:\/\/api.w.org\/{rel}","templated":true}]}}