{"id":28,"date":"2019-01-08T00:00:00","date_gmt":"2019-01-07T22:00:00","guid":{"rendered":"https:\/\/www.anofm.ro\/salaj\/unit-2-rmpd-ucenicie-si-stagii-pentru-tinerii-neets-din-regiunile-mai-putin-dezvoltate\/"},"modified":"2019-01-08T00:00:00","modified_gmt":"2019-01-07T22:00:00","slug":"unit-2-rmpd-ucenicie-si-stagii-pentru-tinerii-neets-din-regiunile-mai-putin-dezvoltate","status":"publish","type":"post","link":"https:\/\/www.anofm.ro\/salaj\/unit-2-rmpd-ucenicie-si-stagii-pentru-tinerii-neets-din-regiunile-mai-putin-dezvoltate\/","title":{"rendered":"UNIT 2 RMPD &#8211; Ucenicie si stagii pentru tinerii NEETs din regiunile mai putin dezvoltate"},"content":{"rendered":"<h4> UNIT 2 RMPD &#8211; Ucenicie si stagii pentru tinerii NEETs din regiunile mai putin dezvoltate <\/h4>\n<h4>\u00a0<\/h4>\n<p style=\"text-align: justify\"><font style=\"font-size: 14px\"><span style=\"text-align: justify;font-family:\"><span style=\"font-size: 14px\">A<\/span><font style=\"font-size: 14px\">gen\u021bia Na\u021bional\u0103 pentru Ocuparea For\u021bei de Munc\u0103 (ANOFM) implementeaz\u0103 pe o perioad\u0103 de 36 de luni, proiectul\u00a0<\/font><\/span><font style=\"font-size: 14px\"><b style=\"text-align: justify;font-family:\">&#8222;UNIT 2 RMPD \u2013 Ucenicie \u015fi stagii pentru tinerii NEETs din regiunile mai pu\u0163in dezvoltate&#8221;, POCU\/262\/2.1\/2.2\/119910<\/b><span style=\"text-align: justify;font-family:\">,<br \/>\n cofinan\u021bat de Uniunea European\u0103 din Fondul Social European(FSE) prin<br \/>\nProgramul Opera\u021bional Capital Uman 2014-2020 (POCU). Obiectivul general<br \/>\nal proiectului \u00eel constituie \u00eembun\u0103t\u0103\u021birea posibilit\u0103\u021bilor de \u00eencadrare<br \/>\na\u00a0<\/span><b style=\"text-align: justify;font-family:\">minimum 900 tineri NEETs<\/b><span style=\"text-align: justify;font-family:\">\u00a0\u0219omeri \u00eenregistra\u021bi la Serviciul Public de Ocupare (SPO).\u00a0<\/span><\/font><\/font><\/p>\n<p><font style=\"font-size: 14px\"><font style=\"font-size: 14px\"><span style=\"text-align: justify;font-family:\"><\/span><\/font><\/font><\/p>\n<p style=\"text-align: justify\"><font style=\"font-size: 14px\"><font style=\"font-size: 14px\"><span style=\"text-align: justify;font-family:\"><\/span><\/font><\/font><\/p>\n<p style=\"margin: 0px 0px 10px;font-family:\"><font style=\"font-size: 14px\"><font style=\"font-size: 14px\"><font style=\"font-size: 14px\"><span style=\"font-family:\"><font style=\"font-size: 14px\">Obiectivele<br \/>\n specifice ale proiectului prev\u0103d stimularea ocup\u0103rii tinerilor NEETs<br \/>\n\u0219omeri \u00eenregistra\u021bi la Serviciul Public de Ocupare, prin acordarea<br \/>\nsprijinului financiar angajatorilor, aferent\u00a0<b>\u00eencadr\u0103rii prin<\/b>\u00a0<b>ucenicie la locul de munc\u0103 a 812 tineri NEETs\u00a0<\/b>\u0219omeri \u0219i oferire de sprijin financiar pentru\u00a0<b>\u00eencadrarea prin<\/b>\u00a0<\/font><b><font style=\"font-size: 14px\">stagii a unui num<\/font><span style=\"font-size: 14px\">\u0103r de 88 tineri NEETs<\/span><\/b><span style=\"font-size: 14px\">\u00a0\u0219omeri, absolven\u021bii de \u00eenv\u0103\u021b\u0103m\u00e2nt superior.\u00a0<\/span><b style=\"font-size: 14px\">Subven\u021biile acordate angajatorilor sunt \u00een cuantum de 2.250 lei\/lun\u0103 pentru fiecare ucenic\/stagiar.<\/b><\/span><span style=\"font-size: 14px;font-family: Arial, sans-serif\"><\/span><\/font><\/font><\/font><\/p>\n<\/p>\n<p style=\"margin: 0px 0px 10px;font-family:\"><font style=\"font-size: 14px\"><span style=\"font-family:\">Proiectul<br \/>\n va fi implementat cu sprijinul a 21 agen\u021bii jude\u021bene pentru ocuparea<br \/>\nfor\u021bei de munc\u0103 din cele 4 regiuni eligibile, conform cererii de<br \/>\nfinan\u021bare, respectiv Nord-Est (Bac\u0103u, Boto\u015fani, Ia\u015fi, Neam\u0163, Suceava,<br \/>\nVaslui), Nord-Vest (Bihor, Bistri\u0163a, Cluj, Maramure\u015f, Satu-Mare, S\u0103laj),<br \/>\n Sud-Vest Oltenia (Dolj, Gorj, Mehedin\u0163i, Olt, V\u00e2lcea), Vest<br \/>\n(Arad,Cara\u015f-Severin, Hunedoara,Timi\u015f).<\/span><span style=\"font-family: Arial, sans-serif\"><\/span><\/font><\/p>\n<p style=\"margin: 0px 0px 10px;font-family:\"><span style=\"font-family:\"><font style=\"font-size: 14px\">Bugetul<br \/>\n total al proiectului este de 38.629.300,79 lei, din care 5.794.395,11<br \/>\nlei finan\u0163are na\u0163ional\u0103 \u0219i 32.834.905,68 lei finan\u0163are extern\u0103<br \/>\nnerambursabil\u0103.<\/font><\/span><\/p>\n<p style=\"margin: 0px 0px 10px;font-family:\"><span style=\"font-family:\"><font style=\"font-size: 14px\">Perioada de implementare este 19 februarie 2018 &#8211; 18 noiembrie 2021. <\/font><\/span><\/p>\n<p><font style=\"font-size: 14px\" face=\"Trebuchet MS\"><a href=\"\/upload\/3675\/Informare_UNIT_2_RMPD-septembrie.pdf\">Informare UNIT 2 RMPD<\/a><\/font><\/p>\n<p><font style=\"font-size: 14px\" face=\"Trebuchet MS\"><a href=\"\/upload\/3675\/Fisa_de_proiect_UNIT_2_RMPD-_septembrie.pdf\">Fisa de proiect UNIT 2 RMPD<\/a><\/font><\/p>\n<p><font style=\"font-size: 14px\" face=\"Trebuchet MS\"><a href=\"\/upload\/3675\/Informare_UNIT_2_RMPD-septembrie.pdf\">Brosura prezentare UNIT 2 RMPD<\/a><\/font><\/p>\n<p><font style=\"font-size: 14px\" face=\"Trebuchet MS\"><a href=\"\/upload\/3675\/Prezentare_proiect_UNIT_2_RMPD.pps\">Prezentare proiect UNIT 2 RMPD<\/a><\/font><\/p>\n<p><font style=\"font-size: 14px\" face=\"Trebuchet MS\"><a href=\"\/upload\/3675\/Rezultate_31_octombrie_-_UNIT_2_RMPD_.pdf\">Rezultate 31 octombrie UNIT 2 RMPD<\/a><\/font><\/p>\n<p><a href=\"\/upload\/3675\/Informare_proiect_UNIT_2_RMPD-modificari_legislative.pdf\"><font style=\"font-size: 14px\" face=\"Trebuchet MS\">Informare UNIT 2 RMPD &#8211; modific\u0103ri legislative privind ucenicia la locul de munc\u0103<\/font><\/a><font style=\"font-size: 14px\" face=\"Trebuchet MS\"><font style=\"font-size: 14px\" face=\"Trebuchet MS\"><font style=\"font-size: 14px\" face=\"Trebuchet MS\"><br \/><\/font><\/font><\/font><\/p>\n<p><font style=\"font-size: 14px\" face=\"Trebuchet MS\"><font style=\"font-size: 14px\" face=\"Trebuchet MS\"><font style=\"font-size: 14px\" face=\"Trebuchet MS\"><a href=\"\/upload\/3675\/Informare_UNIT_2_-_RMPD_decembrie.pdf\">Informare rezultate 30 noiembrie UNIT 2 RMPD<\/a><\/font><\/font><\/font><\/p>\n<p style=\"margin: 0px 0px 10px;font-family:\"><span style=\"font-family:\"><font style=\"font-size: 14px\"><\/font><\/span><\/p>\n<\/p>\n<p><font style=\"font-size: 14px\"><a href=\"\/upload\/3675\/Informare_-_Subven%C8%9Bii_acordate_angajatorilor_care_deruleaz%C4%83_programe_de_ucenicie_sau_stagiu.pdf\">Raport de activitate &#8211; 1 an de implementare<\/a><\/font><\/p>\n<p><font style=\"font-size: 14px\"><a href=\"\/upload\/3675\/Informare_-_Subven%C8%9Bii_acordate_angajatorilor_care_deruleaz%C4%83_programe_de_ucenicie_sau_stagiu.pdf\">Informare &#8211; Subven\u021bii acordate angajatorilor care deruleaz\u0103 programe de ucenicie sau stagiu<\/a><\/font><\/p>\n<p><font style=\"font-size: 14px\"><a href=\"https:\/\/www.anofm.ro\/index.html?agentie=S%C4%83laj&amp;categ=5&amp;subcateg=2&amp;page=0&amp;idpostare=15550\"><font size=\"2\" face=\"Trebuchet MS\"><b>Raport de activitate la 31 Decembrie<br \/>\n2020<\/b><\/font><\/a><a><font size=\"2\" face=\"Trebuchet MS\"> \u00a0<\/font><\/a><br \/>\n<br \/><a href=\"https:\/\/www.anofm.ro\/index.html?agentie=S%C4%83laj&amp;categ=5&amp;subcateg=2&amp;page=0&amp;idpostare=15549\"><font size=\"2\" face=\"Trebuchet MS\"><b>Brosura electronica\u00a0 actualizata- rezultate 31<br \/>\nDecembrie 2020<\/b><\/font><\/a><br \/>\n<\/font><\/p>\n<\/p>\n<p><font style=\"font-size: 14px\"><br \/><\/font><\/p>\n","protected":false},"excerpt":{"rendered":"<p>unit,2,rmpd<\/p>\n","protected":false},"author":0,"featured_media":0,"comment_status":"closed","ping_status":"closed","sticky":false,"template":"","format":"standard","meta":{"footnotes":""},"categories":[20],"tags":[],"class_list":["post-28","post","type-post","status-publish","format-standard","hentry","category-proiecte"],"_links":{"self":[{"href":"https:\/\/www.anofm.ro\/salaj\/wp-json\/wp\/v2\/posts\/28","targetHints":{"allow":["GET"]}}],"collection":[{"href":"https:\/\/www.anofm.ro\/salaj\/wp-json\/wp\/v2\/posts"}],"about":[{"href":"https:\/\/www.anofm.ro\/salaj\/wp-json\/wp\/v2\/types\/post"}],"replies":[{"embeddable":true,"href":"https:\/\/www.anofm.ro\/salaj\/wp-json\/wp\/v2\/comments?post=28"}],"version-history":[{"count":0,"href":"https:\/\/www.anofm.ro\/salaj\/wp-json\/wp\/v2\/posts\/28\/revisions"}],"wp:attachment":[{"href":"https:\/\/www.anofm.ro\/salaj\/wp-json\/wp\/v2\/media?parent=28"}],"wp:term":[{"taxonomy":"category","embeddable":true,"href":"https:\/\/www.anofm.ro\/salaj\/wp-json\/wp\/v2\/categories?post=28"},{"taxonomy":"post_tag","embeddable":true,"href":"https:\/\/www.anofm.ro\/salaj\/wp-json\/wp\/v2\/tags?post=28"}],"curies":[{"name":"wp","href":"https:\/\/api.w.org\/{rel}","templated":true}]}}