{"id":275,"date":"2023-07-13T00:00:00","date_gmt":"2023-07-12T21:00:00","guid":{"rendered":"https:\/\/www.anofm.ro\/salaj\/anunt-selectie-proneets-rmpd\/"},"modified":"2023-07-13T00:00:00","modified_gmt":"2023-07-12T21:00:00","slug":"anunt-selectie-proneets-rmpd","status":"publish","type":"post","link":"https:\/\/www.anofm.ro\/salaj\/anunt-selectie-proneets-rmpd\/","title":{"rendered":"Anunt selectie PRONEETs RMPD"},"content":{"rendered":"<p>Agen\u021bia Jude\u021bean\u0103 pentru Ocuparea For\u021bei de Munc\u0103 S\u0103laj, cu sediul \u00een Zal\u0103u, str. Tudor Vladimirescu, nr.8, organizeaz\u0103 selec\u021bia pentru ocuparea post vacant \u00een cadrul proiectului PRONEETs RMPD &#8211; Stimularea integr\u0103rii absolven\u021bilor NEETs pe pia\u021ba muncii, \u00een ziua de 18 iulie 2023, ora 09:00(selec\u021bia candida\u021bilor \u00een func\u021bie de dosarul depus) \u0219i 19 iulie 2023, ora 10:00(interviul).<\/p>\n<p>Pot participa la selec\u021bie numai persoanele care au calitatea de angajat al Agen\u021biei Jude\u021bene pentru Ocuparea For\u021bei de Munc\u0103 S\u0103laj.<\/p>\n<div class=\"file-list-wrap\">\n<ul class=\"file-list\">\n<li><a href=\"\/upload2\/S\u0103laj\/26676\/Anunt_selectie_PRONEETs_RMPD.pdf\" download>Anunt_selectie_PRONEETs_RMPD.pdf<\/a><\/li>\n<li><a href=\"\/upload2\/S\u0103laj\/26676\/Declaratie_selectie_proiect_GDPR_PRONEETs.docx\" download>Declaratie_selectie_proiect_GDPR_PRONEETs.docx<\/a><\/li>\n<li><a href=\"\/upload2\/S\u0103laj\/26676\/DECLARATIE_PE_PROPRIA_RASPUNDERE_PRIVIND_INEXISTENTA_ORICAREI_SITUATII_DE_INCOMPATIBILITATE_PRONNETs.odt\" download>DECLARATIE_PE_PROPRIA_RASPUNDERE_PRIVIND_INEXISTENTA_ORICAREI_SITUATII_DE_INCOMPATIBILITATE_PRONNETs.odt<\/a><\/li>\n<li><a href=\"\/upload2\/S\u0103laj\/26676\/Bibliografie_selectie_posturi_vacante_PRO_NEETs.docx\" download>Bibliografie_selectie_posturi_vacante_PRO_NEETs.docx<\/a><\/li>\n<li><a href=\"\/upload2\/S\u0103laj\/26676\/FISA_DE_PROIECT_PRO_NEETs_-1.pdf\" download>FISA_DE_PROIECT_PRO_NEETs_-1.pdf<\/a><\/li>\n<li><a href=\"\/upload2\/S\u0103laj\/26676\/PROCES_VERBAL_DE_ANALIZARE_A_DOSARELOR_PRONNETs_RMPD.pdf\" download>PROCES_VERBAL_DE_ANALIZARE_A_DOSARELOR_PRONNETs_RMPD.pdf<\/a><\/li>\n<li><a href=\"\/upload2\/S\u0103laj\/26676\/PROCES_VERBAL_INTERVIU_PRONEETs_RMPD_19.07.2023.pdf\" download>PROCES_VERBAL_INTERVIU_PRONEETs_RMPD_19.07.2023.pdf<\/a><\/li>\n<\/ul>\n<\/div>\n","protected":false},"excerpt":{"rendered":"<p>Agen\u021bia Jude\u021bean\u0103 pentru Ocuparea For\u021bei de Munc\u0103 S\u0103laj, cu sediul \u00een Zal\u0103u, str. Tudor Vladimirescu, nr.8, organizeaz\u0103 selec\u021bia pentru ocuparea post vacant \u00een cadrul proiectului PRONEETs RMPD &#8211; Stimularea integr\u0103rii<\/p>\n","protected":false},"author":0,"featured_media":0,"comment_status":"closed","ping_status":"closed","sticky":false,"template":"","format":"standard","meta":{"footnotes":""},"categories":[4],"tags":[],"class_list":["post-275","post","type-post","status-publish","format-standard","hentry","category-anunturi-diverse"],"_links":{"self":[{"href":"https:\/\/www.anofm.ro\/salaj\/wp-json\/wp\/v2\/posts\/275","targetHints":{"allow":["GET"]}}],"collection":[{"href":"https:\/\/www.anofm.ro\/salaj\/wp-json\/wp\/v2\/posts"}],"about":[{"href":"https:\/\/www.anofm.ro\/salaj\/wp-json\/wp\/v2\/types\/post"}],"replies":[{"embeddable":true,"href":"https:\/\/www.anofm.ro\/salaj\/wp-json\/wp\/v2\/comments?post=275"}],"version-history":[{"count":0,"href":"https:\/\/www.anofm.ro\/salaj\/wp-json\/wp\/v2\/posts\/275\/revisions"}],"wp:attachment":[{"href":"https:\/\/www.anofm.ro\/salaj\/wp-json\/wp\/v2\/media?parent=275"}],"wp:term":[{"taxonomy":"category","embeddable":true,"href":"https:\/\/www.anofm.ro\/salaj\/wp-json\/wp\/v2\/categories?post=275"},{"taxonomy":"post_tag","embeddable":true,"href":"https:\/\/www.anofm.ro\/salaj\/wp-json\/wp\/v2\/tags?post=275"}],"curies":[{"name":"wp","href":"https:\/\/api.w.org\/{rel}","templated":true}]}}