{"id":263,"date":"2023-03-14T00:00:00","date_gmt":"2023-03-13T22:00:00","guid":{"rendered":"https:\/\/www.anofm.ro\/salaj\/anunt-privind-organizarea-concursului-pentru-ocuparea-a-2-posturi-de-experti-relatia-cu-angajatorii-in-cadrul-proiectului-relatia-spo-cu-angajatorii-espor\/"},"modified":"2023-03-14T00:00:00","modified_gmt":"2023-03-13T22:00:00","slug":"anunt-privind-organizarea-concursului-pentru-ocuparea-a-2-posturi-de-experti-relatia-cu-angajatorii-in-cadrul-proiectului-relatia-spo-cu-angajatorii-espor","status":"publish","type":"post","link":"https:\/\/www.anofm.ro\/salaj\/anunt-privind-organizarea-concursului-pentru-ocuparea-a-2-posturi-de-experti-relatia-cu-angajatorii-in-cadrul-proiectului-relatia-spo-cu-angajatorii-espor\/","title":{"rendered":"Anun\u0163 privind organizarea concursului pentru ocuparea a 2 posturi de exper\u0163i rela\u0163ia cu angajatorii \u00een cadrul proiectului &#8222;Rela\u0163ia SPO cu angajatorii &#8211; eSPOR&#8221;"},"content":{"rendered":"<p><\/p>\n<div class=\"file-list-wrap\">\n<ul class=\"file-list\">\n<li><a href=\"\/upload2\/S\u0103laj\/25250\/Anunt_selectie_pr_e_SPOR.pdf\" download>Anunt_selectie_pr_e_SPOR.pdf<\/a><\/li>\n<li><a href=\"\/upload2\/S\u0103laj\/25250\/Proces_verbal_de_analizare_a_dosarelor_selectiei_organizate_in_ziua_de_17.03.2023.pdf\" download>Proces_verbal_de_analizare_a_dosarelor_selectiei_organizate_in_ziua_de_17.03.2023.pdf<\/a><\/li>\n<li><a href=\"\/upload2\/S\u0103laj\/25250\/Proces_verbal_rezultat_interviu_eSPOR_23.03.2023.pdf\" download>Proces_verbal_rezultat_interviu_eSPOR_23.03.2023.pdf<\/a><\/li>\n<\/ul>\n<\/div>\n","protected":false},"excerpt":{"rendered":"<p>Anunt_selectie_pr_e_SPOR.pdf Proces_verbal_de_analizare_a_dosarelor_selectiei_organizate_in_ziua_de_17.03.2023.pdf Proces_verbal_rezultat_interviu_eSPOR_23.03.2023.pdf<\/p>\n","protected":false},"author":0,"featured_media":0,"comment_status":"closed","ping_status":"closed","sticky":false,"template":"","format":"standard","meta":{"footnotes":""},"categories":[20],"tags":[],"class_list":["post-263","post","type-post","status-publish","format-standard","hentry","category-proiecte"],"_links":{"self":[{"href":"https:\/\/www.anofm.ro\/salaj\/wp-json\/wp\/v2\/posts\/263","targetHints":{"allow":["GET"]}}],"collection":[{"href":"https:\/\/www.anofm.ro\/salaj\/wp-json\/wp\/v2\/posts"}],"about":[{"href":"https:\/\/www.anofm.ro\/salaj\/wp-json\/wp\/v2\/types\/post"}],"replies":[{"embeddable":true,"href":"https:\/\/www.anofm.ro\/salaj\/wp-json\/wp\/v2\/comments?post=263"}],"version-history":[{"count":0,"href":"https:\/\/www.anofm.ro\/salaj\/wp-json\/wp\/v2\/posts\/263\/revisions"}],"wp:attachment":[{"href":"https:\/\/www.anofm.ro\/salaj\/wp-json\/wp\/v2\/media?parent=263"}],"wp:term":[{"taxonomy":"category","embeddable":true,"href":"https:\/\/www.anofm.ro\/salaj\/wp-json\/wp\/v2\/categories?post=263"},{"taxonomy":"post_tag","embeddable":true,"href":"https:\/\/www.anofm.ro\/salaj\/wp-json\/wp\/v2\/tags?post=263"}],"curies":[{"name":"wp","href":"https:\/\/api.w.org\/{rel}","templated":true}]}}