{"id":183,"date":"2021-11-22T00:00:00","date_gmt":"2021-11-21T22:00:00","guid":{"rendered":"https:\/\/www.anofm.ro\/salaj\/informare-angajatori-beneficiari-ai-oug-111-02-10-2021\/"},"modified":"2021-11-22T00:00:00","modified_gmt":"2021-11-21T22:00:00","slug":"informare-angajatori-beneficiari-ai-oug-111-02-10-2021","status":"publish","type":"post","link":"https:\/\/www.anofm.ro\/salaj\/informare-angajatori-beneficiari-ai-oug-111-02-10-2021\/","title":{"rendered":"INFORMARE ANGAJATORI BENEFICIARI AI OUG 111\/02.10.2021"},"content":{"rendered":"<p style=\"margin-top:0in;margin-right:0in;margin-bottom:12.0pt;margin-left:0in;text-align:justify;text-indent:.5in\">Datorit<span lang=\"RO\">\u0103<\/span> faptului c\u0103 pe platforma aici.gov.ro<span>\u00a0 <\/span>nu mai exist\u0103 posibilitatea \u00eenc\u0103rc\u0103rii<br \/>\ndocumentelor pentru OUG 111 din 02.10.2021 &#8211; pentru stabilirea unor m\u0103suri de<br \/>\nprotec\u0163ie social\u0103 a angaja\u0163ilor \u015fi a altor categorii profesionale \u00een contextul<br \/>\ninterzicerii, suspend\u0103rii ori limit\u0103rii activit\u0103\u0163ilor economice, determinate de<br \/>\nsitua\u0163ia epidemiologic\u0103 generat\u0103 de r\u0103sp\u00e2ndirea coronavirusului SARS-CoV-2, \u015fi<br \/>\npentru a ajunge toate solicit\u0103rile la persoanele desemnate cu listarea \u015fi<br \/>\n\u00eenregistrarea documentelor, venim \u00een sprijinul angajatorilor din jude\u0163ul S\u0103laj<br \/>\ncu urm\u0103toarele preciz\u0103ri:<\/p>\n<p style=\"margin-top:0in;margin-right:0in;margin-bottom:12.0pt;margin-left:.75in;text-align:justify;text-indent:-.25in\"><span><span>1.<span style=\"font:7.0pt\">\u00a0\u00a0\u00a0\u00a0\u00a0 <\/span><\/span><\/span>Documentele<br \/>\nse trimit pe adresa de e-mail: <a href=\"mailto:salaj@anofm.gov.ro\">salaj@anofm.gov.ro<\/a>;<\/p>\n<p style=\"margin-top:0in;margin-right:0in;margin-bottom:12.0pt;margin-left:.75in;text-align:justify;text-indent:-.25in\"><span><span>2.<span style=\"font:7.0pt\">\u00a0\u00a0\u00a0\u00a0\u00a0 <\/span><\/span><\/span>\u00cen<br \/>\ntitlul e-mailu-lui la subiect trebuie trecut obligatoriu OUG 111;<\/p>\n<p style=\"margin-top:0in;margin-right:0in;margin-bottom:12.0pt;margin-left:.75in;text-align:justify;text-indent:-.25in\"><span><span>3.<span style=\"font:7.0pt\">\u00a0\u00a0\u00a0\u00a0\u00a0 <\/span><\/span><\/span><span lang=\"RO\">\u00cen declara\u0163ia pe propria r\u0103spundere Anexa nr.1<br \/>\nla cerere se trec cele dou\u0103 <span>\u00a0<\/span>hotar\u00e2ri de<br \/>\nprelungire a st\u0103rii de alert\u0103 ( ex. pentru luna octombrie 2021 HG<br \/>\n932\/09.09.2021 \u015fi HG 1090\/10.10.2021), precum \u015fi Hot\u0103r\u00e2rile Consiliului<br \/>\nJude\u0163ean pentru Situa\u0163ii de Urgen\u0163\u0103 S\u0103laj care se reg\u0103sesc pe site-ul Prefecturii<br \/>\nSalaj <\/span><a href=\"https:\/\/sj.prefectura.mai.gov.ro\/despre-noi\/situatii-de-urgenta\/\"><span lang=\"RO\">https:\/\/sj.prefectura.mai.gov.ro\/despre-noi\/situatii-de-urgenta\/<\/span><\/a><span lang=\"RO\"> ;<\/span><\/p>\n<p style=\"margin-top:0in;margin-right:0in;margin-bottom:12.0pt;margin-left:.75in;text-align:justify;text-indent:-.25in\"><span><span>4.<span style=\"font:7.0pt\">\u00a0\u00a0\u00a0\u00a0\u00a0 <\/span><\/span><\/span><span lang=\"RO\">Lista persoanelor care urmeaz\u0103 s\u0103<br \/>\nbeneficieze de indemniza\u0163ie Anexa nr.2 la cerere, se va transmite \u015fi \u00een format<br \/>\neditabil pentru prelucrarea rapid\u0103 a acestora;<\/span><\/p>\n<p style=\"margin-top:0in;margin-right:0in;margin-bottom:12.0pt;margin-left:.75in;text-align:justify;text-indent:-.25in\"><span><span>5.<span style=\"font:7.0pt\">\u00a0\u00a0\u00a0\u00a0\u00a0 <\/span><\/span><\/span>Nu<br \/>\nbeneficiaz\u0103 de indemniza\u0163ia prev\u0103zut\u0103 \u00een OUG 111 angajatorii care la data<br \/>\nsolicit\u0103rii acord\u0103rii acestor sume se afl\u0103 \u00een faliment, dizolvare, lichidare<br \/>\nsau care au activit\u0103\u0163ile suspendate sau asupra c\u0103rora sunt impuse restric\u0163ii<br \/>\ndin alte motive dec\u00e2t cele generate de r\u0103sp\u00e2ndirea coronavirusului SARS-CoV-2.<\/p>\n","protected":false},"excerpt":{"rendered":"<p>Datorit\u0103 faptului c\u0103 pe platforma aici.gov.ro\u00a0 nu mai exist\u0103 posibilitatea \u00eenc\u0103rc\u0103rii documentelor pentru OUG 111 din 02.10.2021 &#8211; pentru stabilirea unor m\u0103suri de protec\u0163ie social\u0103 a angaja\u0163ilor \u015fi a altor<\/p>\n","protected":false},"author":0,"featured_media":0,"comment_status":"closed","ping_status":"closed","sticky":false,"template":"","format":"standard","meta":{"footnotes":""},"categories":[4],"tags":[],"class_list":["post-183","post","type-post","status-publish","format-standard","hentry","category-anunturi-diverse"],"_links":{"self":[{"href":"https:\/\/www.anofm.ro\/salaj\/wp-json\/wp\/v2\/posts\/183","targetHints":{"allow":["GET"]}}],"collection":[{"href":"https:\/\/www.anofm.ro\/salaj\/wp-json\/wp\/v2\/posts"}],"about":[{"href":"https:\/\/www.anofm.ro\/salaj\/wp-json\/wp\/v2\/types\/post"}],"replies":[{"embeddable":true,"href":"https:\/\/www.anofm.ro\/salaj\/wp-json\/wp\/v2\/comments?post=183"}],"version-history":[{"count":0,"href":"https:\/\/www.anofm.ro\/salaj\/wp-json\/wp\/v2\/posts\/183\/revisions"}],"wp:attachment":[{"href":"https:\/\/www.anofm.ro\/salaj\/wp-json\/wp\/v2\/media?parent=183"}],"wp:term":[{"taxonomy":"category","embeddable":true,"href":"https:\/\/www.anofm.ro\/salaj\/wp-json\/wp\/v2\/categories?post=183"},{"taxonomy":"post_tag","embeddable":true,"href":"https:\/\/www.anofm.ro\/salaj\/wp-json\/wp\/v2\/tags?post=183"}],"curies":[{"name":"wp","href":"https:\/\/api.w.org\/{rel}","templated":true}]}}