{"id":133,"date":"2020-09-21T00:00:00","date_gmt":"2020-09-20T21:00:00","guid":{"rendered":"https:\/\/www.anofm.ro\/salaj\/rata-somajului-la-31-august\/"},"modified":"2020-09-21T00:00:00","modified_gmt":"2020-09-20T21:00:00","slug":"rata-somajului-la-31-august","status":"publish","type":"post","link":"https:\/\/www.anofm.ro\/salaj\/rata-somajului-la-31-august\/","title":{"rendered":"Rata somajului la 31 august"},"content":{"rendered":"<p class=\"MsoNormal\" style=\"margin-left:0in;line-height:normal\">La sf\u00e2r\u0219itul<br \/>\nlunii august, <span lang=\"RO\">\u00ee<\/span>n eviden\u021bele Agen\u021biei<br \/>\nJude\u021bene pentru Ocuparea For\u021bei de Munc\u0103 S\u0103laj erau \u00eenregistra\u021bi 5042 <span>\u00a0<\/span>\u0219omeri (din care 2302 femei), rata <span lang=\"RO\">\u0219<\/span>omajului fiind de 4,92%. <\/p>\n<p><a href=\"\/upload\/14033\/Rata_somajului_la_31_august.docx\">Rata_somajului_la_31_august<\/a> <\/p>\n","protected":false},"excerpt":{"rendered":"<p><\/p>\n","protected":false},"author":0,"featured_media":0,"comment_status":"closed","ping_status":"closed","sticky":false,"template":"","format":"standard","meta":{"footnotes":""},"categories":[9],"tags":[],"class_list":["post-133","post","type-post","status-publish","format-standard","hentry","category-comunicate-de-presa"],"_links":{"self":[{"href":"https:\/\/www.anofm.ro\/salaj\/wp-json\/wp\/v2\/posts\/133","targetHints":{"allow":["GET"]}}],"collection":[{"href":"https:\/\/www.anofm.ro\/salaj\/wp-json\/wp\/v2\/posts"}],"about":[{"href":"https:\/\/www.anofm.ro\/salaj\/wp-json\/wp\/v2\/types\/post"}],"replies":[{"embeddable":true,"href":"https:\/\/www.anofm.ro\/salaj\/wp-json\/wp\/v2\/comments?post=133"}],"version-history":[{"count":0,"href":"https:\/\/www.anofm.ro\/salaj\/wp-json\/wp\/v2\/posts\/133\/revisions"}],"wp:attachment":[{"href":"https:\/\/www.anofm.ro\/salaj\/wp-json\/wp\/v2\/media?parent=133"}],"wp:term":[{"taxonomy":"category","embeddable":true,"href":"https:\/\/www.anofm.ro\/salaj\/wp-json\/wp\/v2\/categories?post=133"},{"taxonomy":"post_tag","embeddable":true,"href":"https:\/\/www.anofm.ro\/salaj\/wp-json\/wp\/v2\/tags?post=133"}],"curies":[{"name":"wp","href":"https:\/\/api.w.org\/{rel}","templated":true}]}}