{"id":130,"date":"2020-09-14T00:00:00","date_gmt":"2020-09-13T21:00:00","guid":{"rendered":"https:\/\/www.anofm.ro\/salaj\/au-fost-aprobate-si-publicate-in-monitorul-oficial-modelele-cererii-si-declaratiei-pe-propria-raspundere-prevazute-la-art-2-alin-3-din-oug-nr-147-2020\/"},"modified":"2020-09-14T00:00:00","modified_gmt":"2020-09-13T21:00:00","slug":"au-fost-aprobate-si-publicate-in-monitorul-oficial-modelele-cererii-si-declaratiei-pe-propria-raspundere-prevazute-la-art-2-alin-3-din-oug-nr-147-2020","status":"publish","type":"post","link":"https:\/\/www.anofm.ro\/salaj\/au-fost-aprobate-si-publicate-in-monitorul-oficial-modelele-cererii-si-declaratiei-pe-propria-raspundere-prevazute-la-art-2-alin-3-din-oug-nr-147-2020\/","title":{"rendered":"Au fost aprobate si publicate \u00een Monitorul Oficial modelele cererii si declaratiei pe propria raspundere prevazute la art. 2 alin. (3) din OUG nr. 147\/2020"},"content":{"rendered":"<div style=\"font-family: -apple-system, BlinkMacSystemFont,\">\n<p style=\"margin-top: 0px;margin-bottom: 1rem\"><b style=\"font-weight: bolder\">Anun\u0163<\/b><\/p>\n<p><b style=\"font-weight: bolder\">Au fost aprobate \u015fi publicate \u00een Monitorul Oficial modelele cererii \u015fi declara\u021biei pe propria r\u0103spundere prev\u0103zute la art. 2 alin. (3) din OUG nr. 147\/2020<\/b><\/p>\n<p>Modelele cererii \u015fi declara\u0163iei pe propria r\u0103spundere prev\u0103zute la art. 2 alin. (3) din Ordonan\u021ba de Urgen\u021b\u0103 a Guvernului nr. 147\/2020 privind acordarea unor zile libere pentru p\u0103rin\u021bi \u00een vederea supravegherii copiilor, \u00een situa\u021bia limit\u0103rii sau suspend\u0103rii activit\u0103\u021bilor didactice care presupun prezen\u021ba efectiv\u0103 a copiilor \u00een unit\u0103\u021bile de \u00eenv\u0103\u021b\u0103m\u00e2nt \u0219i \u00een unit\u0103\u021bile de educa\u021bie timpurie antepre\u0219colar\u0103, ca urmare a r\u0103sp\u00e2ndirii coronavirusului SARS-CoV-2, au fost aprobate prin Ordin al ministrului Muncii \u0219i Protec\u021biei Sociale.<\/p>\n<p>Ordinul nr. 1375 al ministrului Muncii \u0219i Protec\u021biei Sociale a fost publicat \u00een Monitorul Oficial nr. 832 din 10 septembrie 2020 \u015fi intr\u0103 \u00een vigoare \u00een termen de trei zile de la data public\u0103rii.<br \/>Cererea \u0219i declara\u021bia pe propria r\u0103spundere la care se face referire mai sus vor fi completate de c\u0103tre angaja\u021bi \u0219i \u00eenaintate angajatorilor.<\/p>\n<p>Decontarea sumelor acordate de c\u0103tre angajatori salaria\u0163ilor care au solicitat zile libere \u00een condi\u0163iile OUG nr. 147\/2020 se realizeaz\u0103 de c\u0103tre agen\u0163iile pentru ocuparea for\u0163ei de munc\u0103 \u00een conformitate cu Procedura de decontare, aprobat\u0103 prin ordin al pre\u015fedintelui ANOFM.<br \/>Pentru transmiterea documentelor necesare decont\u0103rii sumelor acordate de c\u0103tre angajatori, ANOFM pune la dispozi\u0163ia angajatorilor platforma aici.gov.ro.<\/p>\n<p>\u00a0<\/p>\n<\/div>\n<p><span style=\"font-family: -apple-system, BlinkMacSystemFont,\"><\/span><\/p>\n<div class=\"table-responsive\" style=\"width: 980px;font-family: -apple-system, BlinkMacSystemFont,\">\n<table class=\"table table-striped table-bordered table-hover\" style=\"border-collapse: collapse;width: 980px;margin-bottom: 1rem;border: 0px\">\n<thead>\n<tr>\n<th style=\"text-align: inherit;padding: 0.75rem;vertical-align: bottom;border-width: 1px 1px 2px;border-style: solid\">Fisiere incarcate<\/th>\n<\/tr>\n<\/thead>\n<tbody id=\"tableRepeat9\">\n<tr>\n<td style=\"padding: 0.75rem;vertical-align: top\">Model_de_cerere_OUG_147.docx<\/td>\n<\/tr>\n<tr>\n<td style=\"padding: 0.75rem;vertical-align: top\">Model_declaratie_OUG_147.docx<\/td>\n<\/tr>\n<\/tbody>\n<\/table>\n<\/div>\n","protected":false},"excerpt":{"rendered":"<p>Anun\u0163 Au fost aprobate \u015fi publicate \u00een Monitorul Oficial modelele cererii \u015fi declara\u021biei pe propria r\u0103spundere prev\u0103zute la art. 2 alin. (3) din OUG nr. 147\/2020 Modelele cererii \u015fi declara\u0163iei<\/p>\n","protected":false},"author":0,"featured_media":0,"comment_status":"closed","ping_status":"closed","sticky":false,"template":"","format":"standard","meta":{"footnotes":""},"categories":[4],"tags":[],"class_list":["post-130","post","type-post","status-publish","format-standard","hentry","category-anunturi-diverse"],"_links":{"self":[{"href":"https:\/\/www.anofm.ro\/salaj\/wp-json\/wp\/v2\/posts\/130","targetHints":{"allow":["GET"]}}],"collection":[{"href":"https:\/\/www.anofm.ro\/salaj\/wp-json\/wp\/v2\/posts"}],"about":[{"href":"https:\/\/www.anofm.ro\/salaj\/wp-json\/wp\/v2\/types\/post"}],"replies":[{"embeddable":true,"href":"https:\/\/www.anofm.ro\/salaj\/wp-json\/wp\/v2\/comments?post=130"}],"version-history":[{"count":0,"href":"https:\/\/www.anofm.ro\/salaj\/wp-json\/wp\/v2\/posts\/130\/revisions"}],"wp:attachment":[{"href":"https:\/\/www.anofm.ro\/salaj\/wp-json\/wp\/v2\/media?parent=130"}],"wp:term":[{"taxonomy":"category","embeddable":true,"href":"https:\/\/www.anofm.ro\/salaj\/wp-json\/wp\/v2\/categories?post=130"},{"taxonomy":"post_tag","embeddable":true,"href":"https:\/\/www.anofm.ro\/salaj\/wp-json\/wp\/v2\/tags?post=130"}],"curies":[{"name":"wp","href":"https:\/\/api.w.org\/{rel}","templated":true}]}}