{"id":59,"date":"2019-01-21T00:00:00","date_gmt":"2019-01-20T22:00:00","guid":{"rendered":"https:\/\/www.anofm.ro\/prahova\/bursa-locurilor-de-munca-pentru-persoane-cu-dizabilitati-desfasurata-in-data-de-3-decembrie-2018-rezultate-la-o-luna-de-la-desfasurare\/"},"modified":"2019-01-21T00:00:00","modified_gmt":"2019-01-20T22:00:00","slug":"bursa-locurilor-de-munca-pentru-persoane-cu-dizabilitati-desfasurata-in-data-de-3-decembrie-2018-rezultate-la-o-luna-de-la-desfasurare","status":"publish","type":"post","link":"https:\/\/www.anofm.ro\/prahova\/bursa-locurilor-de-munca-pentru-persoane-cu-dizabilitati-desfasurata-in-data-de-3-decembrie-2018-rezultate-la-o-luna-de-la-desfasurare\/","title":{"rendered":"Bursa locurilor de munca pentru persoane cu dizabilitati desfasurata in data de 3 decembrie 2018 &#8211; rezultate la o luna de la desfasurare"},"content":{"rendered":"<p><span style=\"font-family:\">\u201eZiua interna\u021bional\u0103 a persoanelor cu dizabilit\u0103\u021bi\u201d a fost marcat\u0103 de Agen\u021bia Na\u021bional\u0103 pentru Ocuparea For\u0163ei de Munc\u0103 prin organizarea la nivel na\u021bional a unor evenimente ce au avut ca scop conectarea persoanelor cu dizabilit\u0103\u0163i la oportunit\u0103\u0163ile de angajare de pe pia\u0163a muncii, precum \u0219i activit\u0103\u021bi specifice bursei locurilor de munc\u0103.<\/span><\/p>\n<p class=\"MsoNormal\" style=\"margin: 0in 0in 4pt;font-family:\">\n<p class=\"MsoNormal\" style=\"margin: 0in 0in 4pt;font-family:\">Ac\u021biunile derulate de ANOFM \u00een parteneriat cu Autoritatea Na\u0163ional\u0103 pentru Persoanele cu Dizabilit\u0103\u0163i \u0219i direc\u0163iile generale de asisten\u0163\u0103 social\u0103 \u015fi protec\u021bie a copilului s-au desf\u0103\u0219urat sub deviza \u201cPot ce po\u0163i \u015fi tu! Angajeaz\u0103-m\u0103!\u201d.<\/p>\n<p><\/p>\n<p><a href=\"\/upload\/4587\/bursa_handicap_1.pdf\">Bursa locurilor de munca pentru persoane cu dizabilitati -rezultate la o luna de la desfasurare.pdf<\/a> <\/p>\n","protected":false},"excerpt":{"rendered":"<p>\u201eZiua interna\u021bional\u0103 a persoanelor cu dizabilit\u0103\u021bi\u201d a fost marcat\u0103 de Agen\u021bia Na\u021bional\u0103 pentru Ocuparea For\u0163ei de Munc\u0103 prin organizarea la nivel na\u021bional a unor evenimente ce au avut ca scop<\/p>\n","protected":false},"author":0,"featured_media":0,"comment_status":"closed","ping_status":"closed","sticky":false,"template":"","format":"standard","meta":{"footnotes":""},"categories":[6],"tags":[],"class_list":["post-59","post","type-post","status-publish","format-standard","hentry","category-burse-ale-locurilor-de-munca"],"_links":{"self":[{"href":"https:\/\/www.anofm.ro\/prahova\/wp-json\/wp\/v2\/posts\/59","targetHints":{"allow":["GET"]}}],"collection":[{"href":"https:\/\/www.anofm.ro\/prahova\/wp-json\/wp\/v2\/posts"}],"about":[{"href":"https:\/\/www.anofm.ro\/prahova\/wp-json\/wp\/v2\/types\/post"}],"replies":[{"embeddable":true,"href":"https:\/\/www.anofm.ro\/prahova\/wp-json\/wp\/v2\/comments?post=59"}],"version-history":[{"count":0,"href":"https:\/\/www.anofm.ro\/prahova\/wp-json\/wp\/v2\/posts\/59\/revisions"}],"wp:attachment":[{"href":"https:\/\/www.anofm.ro\/prahova\/wp-json\/wp\/v2\/media?parent=59"}],"wp:term":[{"taxonomy":"category","embeddable":true,"href":"https:\/\/www.anofm.ro\/prahova\/wp-json\/wp\/v2\/categories?post=59"},{"taxonomy":"post_tag","embeddable":true,"href":"https:\/\/www.anofm.ro\/prahova\/wp-json\/wp\/v2\/tags?post=59"}],"curies":[{"name":"wp","href":"https:\/\/api.w.org\/{rel}","templated":true}]}}