{"id":497,"date":"2023-08-11T00:00:00","date_gmt":"2023-08-10T21:00:00","guid":{"rendered":"https:\/\/www.anofm.ro\/prahova\/subventii-acordate-angajatorilor-pentru-incadrarea-in-munca-a-elevilor-si-studentilor-pe-perioada-vacantelor\/"},"modified":"2023-08-11T00:00:00","modified_gmt":"2023-08-10T21:00:00","slug":"subventii-acordate-angajatorilor-pentru-incadrarea-in-munca-a-elevilor-si-studentilor-pe-perioada-vacantelor","status":"publish","type":"post","link":"https:\/\/www.anofm.ro\/prahova\/subventii-acordate-angajatorilor-pentru-incadrarea-in-munca-a-elevilor-si-studentilor-pe-perioada-vacantelor\/","title":{"rendered":"Subventii acordate angajatorilor pentru incadrarea in munca a elevilor si studentilor pe perioada vacantelor"},"content":{"rendered":"<p class=\"MsoNormal\" style=\"margin: 0cm 2.85pt 0cm 0cm;text-align: justify;text-indent: 1cm;background-image: initial;background-position: initial;background-size: initial;background-attachment: initial\"><span lang=\"EN-US\" style=\"font-size: 11.5pt;line-height: 115%;font-family: Verdana, sans-serif\">Angajatorul<br \/>\ncare \u00eencadreaza \u00een munca elevi \u015fi studen\u0163i pe perioada vacan\u0163elor beneficiaza,<br \/>\npentru fiecare elev \u015fi student, de un stimulent financiar lunar egal cu 50% din<br \/>\nvaloarea indicatorului social de referin\u0163a al asigurarilor pentru \u015fomaj \u015fi<br \/>\nstimularii ocuparii for\u0163ei de munca \u00een vigoare, prevazut de <\/span><span lang=\"EN-US\"><a href=\"\/Users\/Local%20Settings\/Temporary%20Internet%20Files\/Content.IE5\/89QR49QB\/afis.php%3ff=33919\" target=\"_top\" rel=\"noopener\"><span style=\"font-size:11.5pt;line-height:115%;font-family:\">Legea<br \/>\nnr. 76\/2002<\/span><\/a><\/span><span lang=\"EN-US\" style=\"font-size: 11.5pt;line-height: 115%;font-family: Verdana, sans-serif\"><br \/>\n\u00a0privind sistemul asigurarilor pentru \u015fomaj \u015fi stimularea ocuparii for\u0163ei<br \/>\nde munca, cu modificarile \u015fi completarile ulterioare.<\/span><span lang=\"EN-US\" style=\"font-size:11.5pt;line-height:115%;font-family:\"><\/span><\/p>\n<p class=\"MsoNormal\" style=\"margin: 0cm 2.85pt 0cm 0cm;text-align: justify;text-indent: 1cm;background-image: initial;background-position: initial;background-size: initial;background-attachment: initial\"><span lang=\"EN-US\" style=\"font-size: 11.5pt;line-height: 115%;font-family: Verdana, sans-serif\">Beneficiaz\u0103<br \/>\nde stimulentul financiar lunar angajatorii care, pe perioada vacan\u0163elor<br \/>\nstabilit\u0103 potrivit legii, \u00eencadreaz\u0103 \u00een munc\u0103 elevi \u015fi studen\u0163i \u00een baza:<\/span><span lang=\"EN-US\" style=\"font-size:11.5pt;line-height:115%;font-family:\"><\/span><\/p>\n<p class=\"MsoNormal\" style=\"margin: 0cm 2.85pt 0cm 0cm;text-align: justify;text-indent: 1cm;background-image: initial;background-position: initial;background-size: initial;background-attachment: initial\"><span lang=\"EN-US\" style=\"font-size: 11.5pt;line-height: 115%;font-family: Verdana, sans-serif\">a)<br \/>\nunui contract individual de munc\u0103 pe durat\u0103 determinat\u0103, egal\u0103 sau mai mic\u0103<br \/>\ndec\u00e2t durata vacan\u0163ei, \u00eencheiat \u00een condi\u0163iile legii, cu norm\u0103 \u00eentreag\u0103 sau,<br \/>\ndup\u0103 caz, cu timp par\u0163ial;<\/span><span lang=\"EN-US\" style=\"font-size:11.5pt;line-height:115%;font-family:\"><\/span><\/p>\n<p class=\"MsoNormal\" style=\"margin: 0cm 2.85pt 0cm 0cm;text-align: justify;text-indent: 1cm;background-image: initial;background-position: initial;background-size: initial;background-attachment: initial\"><span lang=\"EN-US\" style=\"font-size: 11.5pt;line-height: 115%;font-family: Verdana, sans-serif\">b)<br \/>\nunui contract de munc\u0103 temporar\u0103, numai dac\u0103 durata misiunii de munc\u0103 temporar\u0103<br \/>\neste egal\u0103 sau mai mic\u0103 dec\u00e2t durata vacan\u0163ei.<\/span><span lang=\"EN-US\" style=\"font-size:11.5pt;line-height:115%;font-family:\"><\/span><\/p>\n<p class=\"MsoNormal\"><span lang=\"EN-US\" style=\"font-size:11.5pt;line-height:115%;font-family:\">\u00cen cazul tinerilor \u00een v\u00e2rst\u0103 de p\u00e2n\u0103 la 18<br \/>\nani, contractul individual de munc\u0103 \u00eencheiat cu durata timpului de munc\u0103 de 6<br \/>\nore pe zi \u015fi de 30 de ore pe s\u0103pt\u0103m\u00e2n\u0103 se consider\u0103 \u00eencheiat cu norm\u0103 \u00eentreag\u0103.<\/span><\/p>\n<p class=\"MsoNormal\" style=\"margin: 0cm 2.85pt 0cm 0cm;text-align: justify;text-indent: 1cm;background-image: initial;background-position: initial;background-size: initial;background-attachment: initial\"><span lang=\"EN-US\" style=\"font-size: 11.5pt;line-height: 115%;font-family: Verdana, sans-serif\">Stimulentul<br \/>\nfinanciar lunar se acorda angajatorilor care \u00eencadreaza \u00een munca elevi \u015fi<br \/>\nstuden\u0163i pe perioada de vacan\u0163a, de la data \u00eenceperii perioadei de vacan\u0163a,<br \/>\nstabilita potrivit legii, daca \u00eencadrarea s-a facut la acea data sau, dupa caz,<br \/>\nde la data \u00eencadrarii \u00een munca a elevilor\/studen\u0163ilor \u00een situa\u0163ia \u00een care<br \/>\n\u00eencadrarea \u00een munca a acestor categorii de persoane este ulterioara datei<br \/>\n\u00eenceperii perioadei de vacan\u0163a stabilite potrivit legii \u015fi p\u00e2na la data ultimei<br \/>\nzile, inclusiv, din perioada de vacan\u0163a \u00een care au fost \u00eencadra\u0163i \u00een munca<br \/>\nelevii \u015fi studen\u0163ii respectivi, dar nu pentru mai mult de 60 de zile lucratoare<br \/>\n\u00een anul calendaristic respectiv.<\/span><span lang=\"EN-US\" style=\"font-size:11.5pt;line-height:115%;font-family:\"><\/span><\/p>\n<p class=\"MsoNormal\" style=\"margin: 0cm 2.85pt 0cm 0cm;text-align: justify;text-indent: 1cm;background-image: initial;background-position: initial;background-size: initial;background-attachment: initial\"><span lang=\"EN-US\" style=\"font-size:11.5pt;line-height:115%;font-family:\">\u00a0<\/span><\/p>\n<p class=\"MsoNormal\" style=\"margin: 0cm 2.85pt 0cm 0cm;text-align: justify;text-indent: 1cm;background-image: initial;background-position: initial;background-size: initial;background-attachment: initial\"><b><span lang=\"EN-US\" style=\"font-size: 11.5pt;line-height: 115%;font-family: Verdana, sans-serif\">Nu beneficiaza de stimulentul financiar:<\/span><\/b><b><span lang=\"EN-US\" style=\"font-size:11.5pt;line-height:115%;font-family:\"><\/span><\/b><\/p>\n<p class=\"MsoNormal\" style=\"margin: 0cm 2.85pt 0cm 0cm;text-align: justify;text-indent: 1cm;background-image: initial;background-position: initial;background-size: initial;background-attachment: initial\"><span lang=\"EN-US\" style=\"font-size: 11.5pt;line-height: 115%;font-family: Verdana, sans-serif\">a)<br \/>\nangajatorii care \u00eencadreaza \u00een munca elevi \u015fi studen\u0163i anterior datei de<br \/>\n\u00eencepere a vacan\u0163ei stabilite potrivit legii, pentru elevii \u015fi studen\u0163ii<br \/>\nrespectivi;<\/span><span lang=\"EN-US\" style=\"font-size:11.5pt;line-height:115%;font-family:\"><\/span><\/p>\n<p class=\"MsoNormal\" style=\"margin: 0cm 2.85pt 0cm 0cm;text-align: justify;text-indent: 1cm;background-image: initial;background-position: initial;background-size: initial;background-attachment: initial\"><span lang=\"EN-US\" style=\"font-size: 11.5pt;line-height: 115%;font-family: Verdana, sans-serif\">b)<br \/>\nangajatorii care au beneficiat, pentru elevii \u015fi studen\u0163ii respectivi, de<br \/>\nstimulentul financiar prevazut la art. 1 din lege pentru o perioada de 60 de<br \/>\nzile lucratoare \u00een cursul anului calendaristic.<\/span><span lang=\"EN-US\" style=\"font-size:11.5pt;line-height:115%;font-family:\"><\/span><\/p>\n<p><span style=\"font-family: Verdana, sans-serif;font-size: 11.5pt\">Perioada maxima de acordare a stimulentului<br \/>\nfinanciar este de 60 de zile lucratoare \u00eentr-un an calendaristic.<\/span>Introduceti continutul text. Eventualele incarcari de fisiere se fac in faza de editare<\/p>\n<div class=\"file-list-wrap\">\n<ul class=\"file-list\">\n<li><a href=\"\/upload2\/Prahova\/26999\/Cerere_L72.docx\" download>Cerere_L72.docx<\/a><\/li>\n<li><a href=\"\/upload2\/Prahova\/26999\/Conventie_L._72.doc\" download>Conventie_L._72.doc<\/a><\/li>\n<li><a href=\"\/upload2\/Prahova\/26999\/Tabel_lunar_L.72.doc\" download>Tabel_lunar_L.72.doc<\/a><\/li>\n<li><a href=\"\/upload2\/Prahova\/26999\/Declaratie_angajator.doc\" download>Declaratie_angajator.doc<\/a><\/li>\n<li><a href=\"\/upload2\/Prahova\/26999\/Tabel_lunar_L.72.doc\" download>Tabel_lunar_L.72.doc<\/a><\/li>\n<\/ul>\n<\/div>\n","protected":false},"excerpt":{"rendered":"<p>Subventii acordate angajatorilor pentru incadrarea in munca a elevilor si studentilor pe perioada vacantelor<\/p>\n","protected":false},"author":0,"featured_media":0,"comment_status":"closed","ping_status":"closed","sticky":false,"template":"","format":"standard","meta":{"footnotes":""},"categories":[16],"tags":[],"class_list":["post-497","post","type-post","status-publish","format-standard","hentry","category-materiale-informative"],"_links":{"self":[{"href":"https:\/\/www.anofm.ro\/prahova\/wp-json\/wp\/v2\/posts\/497","targetHints":{"allow":["GET"]}}],"collection":[{"href":"https:\/\/www.anofm.ro\/prahova\/wp-json\/wp\/v2\/posts"}],"about":[{"href":"https:\/\/www.anofm.ro\/prahova\/wp-json\/wp\/v2\/types\/post"}],"replies":[{"embeddable":true,"href":"https:\/\/www.anofm.ro\/prahova\/wp-json\/wp\/v2\/comments?post=497"}],"version-history":[{"count":0,"href":"https:\/\/www.anofm.ro\/prahova\/wp-json\/wp\/v2\/posts\/497\/revisions"}],"wp:attachment":[{"href":"https:\/\/www.anofm.ro\/prahova\/wp-json\/wp\/v2\/media?parent=497"}],"wp:term":[{"taxonomy":"category","embeddable":true,"href":"https:\/\/www.anofm.ro\/prahova\/wp-json\/wp\/v2\/categories?post=497"},{"taxonomy":"post_tag","embeddable":true,"href":"https:\/\/www.anofm.ro\/prahova\/wp-json\/wp\/v2\/tags?post=497"}],"curies":[{"name":"wp","href":"https:\/\/api.w.org\/{rel}","templated":true}]}}