{"id":493,"date":"2023-07-19T00:00:00","date_gmt":"2023-07-18T21:00:00","guid":{"rendered":"https:\/\/www.anofm.ro\/prahova\/anunt-privind-organizarea-selectiei-pentru-ocuparea-a-2-posturi-de-experti-interni-in-cadrul-proiectului-enter-acces-pe-piata-muncii-pentru-tinerii-neets-din-regiunea-sud-muntenia\/"},"modified":"2023-07-19T00:00:00","modified_gmt":"2023-07-18T21:00:00","slug":"anunt-privind-organizarea-selectiei-pentru-ocuparea-a-2-posturi-de-experti-interni-in-cadrul-proiectului-enter-acces-pe-piata-muncii-pentru-tinerii-neets-din-regiunea-sud-muntenia","status":"publish","type":"post","link":"https:\/\/www.anofm.ro\/prahova\/anunt-privind-organizarea-selectiei-pentru-ocuparea-a-2-posturi-de-experti-interni-in-cadrul-proiectului-enter-acces-pe-piata-muncii-pentru-tinerii-neets-din-regiunea-sud-muntenia\/","title":{"rendered":"Anunt privind organizarea selectiei pentru ocuparea a 2 posturi de experti interni \u00een cadrul proiectului \u201dENTER \u2013 Acces pe pia\u021ba muncii pentru tinerii NEETs din Regiunea Sud-Muntenia&#8221;"},"content":{"rendered":"<p>Agen\u021bia Jude\u021bean\u0103 pentru Ocuparea For\u021bei de Munc\u0103 Prahova, cu sediul \u00een Ploiesti, str. Nicolae Iorga, nr. 1, organizeaz\u0103 selec\u021bia pentru ocuparea posturilor vacante de exper\u021bi din cadrul proiectului \u201eENTER \u2013 Acces pe piata muncii pentru tinerii NEETs din Regiunea Sud-Muntenia\u201d \u2013 POCU\/991\/1\/3\/153784, \u00een perioada 18.07.2023 \u2013 31.07.2023.<\/p>\n<div class=\"file-list-wrap\">\n<ul class=\"file-list\">\n<li><a href=\"\/upload2\/Prahova\/26721\/Anunt_selectie_experti_interni_proiect_ENTER_-_19.07.2023.pdf\" download>Anunt_selectie_experti_interni_proiect_ENTER_-_19.07.2023.pdf<\/a><\/li>\n<li><a href=\"\/upload2\/Prahova\/26721\/ANEXA_1_Formular_de_inscriere.docx\" download>ANEXA_1_Formular_de_inscriere.docx<\/a><\/li>\n<li><a href=\"\/upload2\/Prahova\/26721\/ANEXA_2_Formular_de_disponibilitate.docx\" download>ANEXA_2_Formular_de_disponibilitate.docx<\/a><\/li>\n<li><a href=\"\/upload2\/Prahova\/26721\/PV_analiza_dosare_ENTER_24.07.2023.pdf\" download>PV_analiza_dosare_ENTER_24.07.2023.pdf<\/a><\/li>\n<\/ul>\n<\/div>\n","protected":false},"excerpt":{"rendered":"<p>Anunt privind organizarea selectiei pentru ocuparea a 2 posturi de experti interni \u00een cadrul proiectului \u201dENTER \u2013 Acces pe pia\u021ba muncii pentru tinerii NEETs din Regiunea Sud-Muntenia&#8221;<\/p>\n","protected":false},"author":0,"featured_media":0,"comment_status":"closed","ping_status":"closed","sticky":false,"template":"","format":"standard","meta":{"footnotes":""},"categories":[7],"tags":[],"class_list":["post-493","post","type-post","status-publish","format-standard","hentry","category-cariera-profesionala"],"_links":{"self":[{"href":"https:\/\/www.anofm.ro\/prahova\/wp-json\/wp\/v2\/posts\/493","targetHints":{"allow":["GET"]}}],"collection":[{"href":"https:\/\/www.anofm.ro\/prahova\/wp-json\/wp\/v2\/posts"}],"about":[{"href":"https:\/\/www.anofm.ro\/prahova\/wp-json\/wp\/v2\/types\/post"}],"replies":[{"embeddable":true,"href":"https:\/\/www.anofm.ro\/prahova\/wp-json\/wp\/v2\/comments?post=493"}],"version-history":[{"count":0,"href":"https:\/\/www.anofm.ro\/prahova\/wp-json\/wp\/v2\/posts\/493\/revisions"}],"wp:attachment":[{"href":"https:\/\/www.anofm.ro\/prahova\/wp-json\/wp\/v2\/media?parent=493"}],"wp:term":[{"taxonomy":"category","embeddable":true,"href":"https:\/\/www.anofm.ro\/prahova\/wp-json\/wp\/v2\/categories?post=493"},{"taxonomy":"post_tag","embeddable":true,"href":"https:\/\/www.anofm.ro\/prahova\/wp-json\/wp\/v2\/tags?post=493"}],"curies":[{"name":"wp","href":"https:\/\/api.w.org\/{rel}","templated":true}]}}