{"id":399,"date":"2022-06-02T00:00:00","date_gmt":"2022-06-01T21:00:00","guid":{"rendered":"https:\/\/www.anofm.ro\/prahova\/enter-acces-pe-piata-muncii-pentru-tinerii-neets-din-regiunea-sud-muntenia-id153784\/"},"modified":"2022-06-02T00:00:00","modified_gmt":"2022-06-01T21:00:00","slug":"enter-acces-pe-piata-muncii-pentru-tinerii-neets-din-regiunea-sud-muntenia-id153784","status":"publish","type":"post","link":"https:\/\/www.anofm.ro\/prahova\/enter-acces-pe-piata-muncii-pentru-tinerii-neets-din-regiunea-sud-muntenia-id153784\/","title":{"rendered":"&#8222;ENTER &#8211; Acces pe piata muncii pentru tinerii NEETs din Regiunea Sud &#8211; Muntenia&#8221; ID:153784"},"content":{"rendered":"<p>Proiectul \u201c ENTER \u2013 Acces pe pia\u021ba muncii pentru tinerii NEETs din Regiunea Sud-Muntenia\u201d<\/p>\n<p>Asocia\u021bia Patronatul Tinerilor \u00centreprinz\u0103tori din Rom\u00e2nia (Beneficiar), \u00een parteneriat cu Agen\u021bia Jude\u021bean\u0103 pentru Ocuparea For\u021bei de Munc\u0103 Prahova, implementeaz\u0103 proiectul \u201cENTER \u2013 Acces pe pia\u021ba muncii pentru tinerii NEETs din Regiunea Sud-Muntenia\u201d (cod Mysmis 153784) \u00een perioada 28 Iunie 2022 &#8211; 27 Decembrie 2023 (18 luni). <\/p>\n<p>Proiectul are o valoare total\u0103 de 4,942,350.77 lei (valoarea eligibil\u0103 nerambursabil\u0103 din FSE: 4,546,962.70  lei) \u0219i este finan\u021bat prin Programul Opera\u021bional Capital Uman 2014-2020, Cod apel: POCU\/991\/1\/3\/Opera\u021biune compozit\u0103 OS. 1.1, 1.2, Componenta 1: Viitor pentru tinerii NEETs I, Axa prioritar\u0103: Ini\u021biativa locuri de munc\u0103 pentru tineri.<\/p>\n<p>Obiectivul general al proiectului const\u0103 \u00een facilitarea accesului unui num\u0103r de 378 de tineri NEETs \u0219omeri cu v\u00e2rsta cuprins\u0103 \u00eentre 16-29 ani, \u00eenregistra\u021bi la Serviciul Public de Ocupare din Regiunea Sud Muntenia, la m\u0103suri \u0219i interven\u021bii integrate \u0219i personalizate de ocupare, \u00een vederea dob\u00e2ndirii unor noi cuno\u0219tinte, competen\u021be \u0219i aptitudini de munc\u0103, av\u00e2nd ca scop cre\u0219terea gradului de ocupare a acestora.<\/p>\n<p>Obiectivele specifice ale proiectului sunt urm\u0103toarele:<\/p>\n<p>1.\tIdentificarea tinerilor NEETs din regiunea de dezvoltare Sud Muntenia prin implementarea unei campanii de informare \u0219i promovare pentru direc\u021bionarea acestora c\u0103tre SPO \u00een vederea \u00eenregistr\u0103rii \u0219i profil\u0103rii sau pentru selectarea \u0219i integrarea lor \u00een grupul \u021bint\u0103 al proiectului (ulterior \u00eenregistr\u0103rii \u0219i profil\u0103rii acestora de catre SPO). <\/p>\n<p>2.\t\u00cembun\u0103t\u0103\u021birea nivelului de competen\u021be pentru minim 182 de tineri NEETs (cu nivel de ocupabilitate B, C \u0219i D) prin implementarea de programe de formare profesional\u0103 a adultilor &#8211; cursuri de specializare \u0219i calificare nivel 2.<\/p>\n<p>3.\tPromovarea unei ocup\u0103ri sustenabile prin sprijinirea a 84 de tineri NEETs someri (cu nivel de ocupabilitate A) \u00een vederea dezvolt\u0103rii de afaceri pe cont propriu, \u00een scopul cre\u0219terii ocup\u0103rii tinerilor NEETs \u0219omeri prin implementarea de programe de formare antreprenorial\u0103, analiz\u0103 \u0219i selectarea planurilor de afaceri viabile, acordarea de suport \u0219i de subven\u021bii pentru \u00eenfiin\u021barea a 9 \u00eentreprinderi. <\/p>\n<p>4.\t\u00cembun\u0103t\u0103\u021birea capacit\u0103\u021bii de ocupare \u0219i \u00eensu\u0219irea abilit\u0103\u021bilor necesare integr\u0103rii pe pia\u021ba muncii pentru 378 de tineri NEETs, prin furnizarea de servicii de medierea muncii pentru inser\u021bia pe pia\u021ba muncii \u0219i prin organizarea a 2 burse de locuri de munc\u0103.<\/p>\n<p>Grupul \u021bint\u0103 al proiectului va fi format din minim 378 tineri NEETs. Pentru a se \u00eencadra \u00een proiect, ace\u0219tia trebuie s\u0103 \u00eendeplineasc\u0103 urm\u0103toarele condi\u021bii de eligibilitate:<\/p>\n<p>&#8211; S\u0103 fie tineri NEETs cu v\u00e2rsta cuprins\u0103 \u00eentre 16 \u0219i 29 de ani;<\/p>\n<p>&#8211; S\u0103 fie \u00eenregistra\u021bi \u0219i profila\u021bi de SPO;<\/p>\n<p>&#8211; S\u0103 aib\u0103 domiciliul sau re\u0219edin\u021ba \u00een regiunea de dezvoltare vizat\u0103 de proiect: regiunea Sud-Muntenia (jude\u021bele Arge\u0219, Prahova, D\u00e2mbovi\u021ba, Teleorman, Giurgiu, Ialomi\u021ba, C\u0103l\u0103ra\u0219i).<\/p>\n<p>Din cei minim 378 membri ai GT:<\/p>\n<p>&#8211; peste 10% vor fi NEETs de etnie rom\u0103 (minim 38 de persoane);<\/p>\n<p>&#8211; peste 20% vor fi NEETs cu domiciliul sau re\u0219edin\u021ba \u00een mediul rural (minim 76 de persoane);<\/p>\n<p>&#8211; peste 30% din GT (minim 114 persoane) va fi reprezentat de tineri NEETs cu nivelurile de ocupabilitate C \u0219i D, respectiv \u201egreu ocupabil\u201d \u0219i \u201efoarte greu ocupabil\u201d;<\/p>\n<p>&#8211; minim 40% din GT vor fi femei (152 persoane).<\/p>\n<div class=\"file-list-wrap\">\n<ul class=\"file-list\">\n<li><a href=\"\/upload2\/Prahova\/21126\/Anunt_selectie_experti_proiect_ENTER.pdf\" download>Anunt_selectie_experti_proiect_ENTER.pdf<\/a><\/li>\n<li><a href=\"\/upload2\/Prahova\/21126\/Proiect_ENTER_-_Comunicat_presa.pdf\" download>Proiect_ENTER_-_Comunicat_presa.pdf<\/a><\/li>\n<li><a href=\"\/upload2\/Prahova\/21126\/anunt_achizitie_aer_conditionat_.pdf\" download>anunt_achizitie_aer_conditionat_.pdf<\/a><\/li>\n<li><a href=\"\/upload2\/Prahova\/21126\/Anunt_achizitie_echipamente_hardware_si_software.pdf\" download>Anunt_achizitie_echipamente_hardware_si_software.pdf<\/a><\/li>\n<li><a href=\"\/upload2\/Prahova\/21126\/Anunt_achizitie_echipamente_hardware_si_software.pdf\" download>Anunt_achizitie_echipamente_hardware_si_software.pdf<\/a><\/li>\n<li><a href=\"\/upload2\/Prahova\/21126\/Caiet_de_sarcini.pdf\" download>Caiet_de_sarcini.pdf<\/a><\/li>\n<li><a href=\"\/upload2\/Prahova\/21126\/Anunt_concurs.pdf\" download>Anunt_concurs.pdf<\/a><\/li>\n<li><a href=\"\/upload2\/Prahova\/21126\/Formular_inscriere.pdf\" download>Formular_inscriere.pdf<\/a><\/li>\n<li><a href=\"\/upload2\/Prahova\/21126\/Procedura_recrutare_experti_ex.pdf\" download>Procedura_recrutare_experti_ex.pdf<\/a><\/li>\n<li><a href=\"\/upload2\/Prahova\/21126\/Acord_date_caracter_personal.pdf\" download>Acord_date_caracter_personal.pdf<\/a><\/li>\n<li><a href=\"\/upload2\/Prahova\/21126\/Declaratie_GDPR.pdf\" download>Declaratie_GDPR.pdf<\/a><\/li>\n<li><a href=\"\/upload2\/Prahova\/21126\/anunt_selectie_formator_brutar.pdf\" download>anunt_selectie_formator_brutar.pdf<\/a><\/li>\n<li><a href=\"\/upload2\/Prahova\/21126\/ANEXA_1_Formular_de_inscriere.docx\" download>ANEXA_1_Formular_de_inscriere.docx<\/a><\/li>\n<li><a href=\"\/upload2\/Prahova\/21126\/ANEXA_1_Formular_de_inscriere.docx\" download>ANEXA_1_Formular_de_inscriere.docx<\/a><\/li>\n<li><a href=\"\/upload2\/Prahova\/21126\/Anexa__Declaratie_GDPR.pdf\" download>Anexa__Declaratie_GDPR.pdf<\/a><\/li>\n<li><a href=\"\/upload2\/Prahova\/21126\/Concurs_Formator_-Curs_lucrator_comercial.pdf\" download>Concurs_Formator_-Curs_lucrator_comercial.pdf<\/a><\/li>\n<li><a href=\"\/upload2\/Prahova\/21126\/Anexa__Declaratie_GDPR.pdf\" download>Anexa__Declaratie_GDPR.pdf<\/a><\/li>\n<li><a href=\"\/upload2\/Prahova\/21126\/ANEXA_1_Formular_de_inscriere.docx\" download>ANEXA_1_Formular_de_inscriere.docx<\/a><\/li>\n<li><a href=\"\/upload2\/Prahova\/21126\/ANEXA_2_Formular_de_disponibilitate.docx\" download>ANEXA_2_Formular_de_disponibilitate.docx<\/a><\/li>\n<li><a href=\"\/upload2\/Prahova\/21126\/Anunt_selectie_experti_interni_proiect_ENTER_-_19.07.2023.pdf\" download>Anunt_selectie_experti_interni_proiect_ENTER_-_19.07.2023.pdf<\/a><\/li>\n<li><a href=\"\/upload2\/Prahova\/21126\/ANEXA_1_Formular_de_inscriere.docx\" download>ANEXA_1_Formular_de_inscriere.docx<\/a><\/li>\n<li><a href=\"\/upload2\/Prahova\/21126\/ANEXA_2_Formular_de_disponibilitate.docx\" download>ANEXA_2_Formular_de_disponibilitate.docx<\/a><\/li>\n<li><a href=\"\/upload2\/Prahova\/21126\/PV_analiza_dosare_ENTER_24.07.2023.pdf\" download>PV_analiza_dosare_ENTER_24.07.2023.pdf<\/a><\/li>\n<li><a href=\"\/upload2\/Prahova\/21126\/Anunt_bursa_09.11.2023.pdf\" download>Anunt_bursa_09.11.2023.pdf<\/a><\/li>\n<\/ul>\n<\/div>\n","protected":false},"excerpt":{"rendered":"<p>Proiectul \u201c ENTER \u2013 Acces pe pia\u021ba muncii pentru tinerii NEETs din Regiunea Sud-Muntenia\u201d Asocia\u021bia Patronatul Tinerilor \u00centreprinz\u0103tori din Rom\u00e2nia (Beneficiar), \u00een parteneriat cu Agen\u021bia Jude\u021bean\u0103 pentru Ocuparea For\u021bei de<\/p>\n","protected":false},"author":0,"featured_media":0,"comment_status":"closed","ping_status":"closed","sticky":false,"template":"","format":"standard","meta":{"footnotes":""},"categories":[20],"tags":[],"class_list":["post-399","post","type-post","status-publish","format-standard","hentry","category-proiecte"],"_links":{"self":[{"href":"https:\/\/www.anofm.ro\/prahova\/wp-json\/wp\/v2\/posts\/399","targetHints":{"allow":["GET"]}}],"collection":[{"href":"https:\/\/www.anofm.ro\/prahova\/wp-json\/wp\/v2\/posts"}],"about":[{"href":"https:\/\/www.anofm.ro\/prahova\/wp-json\/wp\/v2\/types\/post"}],"replies":[{"embeddable":true,"href":"https:\/\/www.anofm.ro\/prahova\/wp-json\/wp\/v2\/comments?post=399"}],"version-history":[{"count":0,"href":"https:\/\/www.anofm.ro\/prahova\/wp-json\/wp\/v2\/posts\/399\/revisions"}],"wp:attachment":[{"href":"https:\/\/www.anofm.ro\/prahova\/wp-json\/wp\/v2\/media?parent=399"}],"wp:term":[{"taxonomy":"category","embeddable":true,"href":"https:\/\/www.anofm.ro\/prahova\/wp-json\/wp\/v2\/categories?post=399"},{"taxonomy":"post_tag","embeddable":true,"href":"https:\/\/www.anofm.ro\/prahova\/wp-json\/wp\/v2\/tags?post=399"}],"curies":[{"name":"wp","href":"https:\/\/api.w.org\/{rel}","templated":true}]}}