{"id":285,"date":"2021-01-19T00:00:00","date_gmt":"2021-01-18T22:00:00","guid":{"rendered":"https:\/\/www.anofm.ro\/prahova\/1-704-313-euro-destinati-imbunatatirii-serviciilor-oferite-de-anofm\/"},"modified":"2021-01-19T00:00:00","modified_gmt":"2021-01-18T22:00:00","slug":"1-704-313-euro-destinati-imbunatatirii-serviciilor-oferite-de-anofm","status":"publish","type":"post","link":"https:\/\/www.anofm.ro\/prahova\/1-704-313-euro-destinati-imbunatatirii-serviciilor-oferite-de-anofm\/","title":{"rendered":"1.704.313 euro destina\u021bi \u00eembun\u0103t\u0103\u021birii serviciilor oferite de ANOFM"},"content":{"rendered":"<p>Agen\u021bia Na\u021bional\u0103 pentru Ocuparea For\u021bei de Munc\u0103 (ANOFM) a semnat cu<br \/>\n Ministerul Fondurilor Europene contractul de finan\u0163are pentru un<br \/>\nproiect destinat moderniz\u0103rii Serviciului Public de Ocupare (SPO).<\/p>\n<p>Prin<br \/>\n Managementul de caz \u2013 Proces de incluziune pe pia\u0163a muncii, cofinan\u0163at<br \/>\ndin Fondul Social European (FSE) prin Programul Opera\u021bional Capital Uman<br \/>\n 2014 \u2013 2020 (POCU), ANOFM \u00ee\u0219i propune s\u0103 modernizeze \u0219i s\u0103 adapteze<br \/>\nstructurile SPO astfel \u00eenc\u00e2t s\u0103 vin\u0103 \u00een \u00eent\u00e2mpinarea persoanelor<br \/>\nprovenind din grupuri vulnerabile prin oferirea de servicii<br \/>\npersonalizate. Managementul de caz presupune at\u00e2t evaluarea nevoilor<br \/>\ncelor care solicita un loc de munc\u0103, c\u00e2t \u0219i sus\u021binerea acestora pe<br \/>\n\u00eentreg parcursul acestui proces.<br \/>Obiective<br \/>\uf076 Adaptarea serviciilor<br \/>\n de informare \u0219i consiliere profesional\u0103 (inclusiv profilare), pentru<br \/>\npersoane provenind din grupuri vulnerabile greu \u0219i foarte greu ocupabile<br \/>\n prin crearea de proceduri comune pornind de la principiul mangementului<br \/>\n de caz. Concret, parcursul unei persoane p\u00e2n\u0103 la integrarea<br \/>\nsocioprofesional\u0103 va fi analizat individual, cu implicarea mai multor<br \/>\ninstitu\u021bii competente \u00een solu\u021bionarea situa\u021biei specifice cu care se<br \/>\nconfrunt\u0103 persoana respectiv\u0103. Principiul de baza va fi acela c\u0103 fiecare<br \/>\n client este un caz special, \u00eens\u0103 abordarea persoanelor vulnerabile se<br \/>\nva realiza unitar.<br \/>\uf076 Proiectarea de noi servicii \/ instrumente<br \/>\nintegrate \u00eentr-o ofert\u0103 coerent\u0103 dedicat\u0103 satisfacerii nevoilor a 21.000<br \/>\n persoane asistate prin servicii de informare \u0219i consiliere<br \/>\nprofesional\u0103\/ management de caz.<\/p>\n<p>\uf076 Dezvoltarea competen\u021belor<br \/>\npersonalului propriu din cele 42 structuri ale SPO, \u2013 88 persoane &#8211; prin<br \/>\n practic\u0103 si dob\u00e2ndirea de noi competen\u021be necesare pentru implementarea<br \/>\nconceptului de management de caz \u0219i furnizarea serviciilor specifice de<br \/>\ninformare \u0219i consiliere. Aceast\u0103 m\u0103sur\u0103 se refer\u0103 la perfec\u021bionarea<br \/>\npersonalului propriu \u00een domeniul comunic\u0103rii, consilierii \u0219i medierii<br \/>\npentru facilitarea incluziunii persoanelor cu risc de excluziune<br \/>\nsocial\u0103.<br \/>Justificarea nevoii acestui nou proiect se reg\u0103se\u0219te \u00een<br \/>\nfaptul c\u0103 instrumentele de informare \u0219i consiliere nu sunt adaptate<br \/>\npentru o mai buna cunoa\u0219tere a nevoilor grupului \u021bint\u0103 &#8211; \u0219omeri de lung\u0103<br \/>\n durat\u0103, persoane de etnie rom\u0103, persoane cu un nivel de studii redus,<br \/>\npersoane \u00een varst\u0103 de peste 54 de ani, persoane din mediul rural, etc.<br \/>\nFormarea personalului corespunde doar par\u021bial necesit\u0103\u021bilor opera\u021bionale<br \/>\n ale SPO. Persoanele \u201cgreu\u201d sau \u201cfoarte greu ocupabile\u201d au \u0219i alte<br \/>\nprobleme dec\u00e2t lipsa locului de munc\u0103, de aceea este necesar\u0103 o<br \/>\ncooperare interinstitu\u021bional\u0103 pentru a cre\u0219te disponibilitatea de a se<br \/>\n\u00eencadra \u00een munc\u0103.<br \/>\u00cen urma derul\u0103rii proiectului Managementul de caz \u2013<br \/>\n Proces de incluziune pe pia\u0163a muncii, POCU\/801\/3\/15\/140163, ANOFM<br \/>\nestimeaz\u0103 o cre\u0219tere semnificativ\u0103 a gradului de satisfac\u021bie \u0219i<br \/>\n\u00eencredere a clien\u021bilor, persoane aflate \u00een c\u0103utarea unui loc de munc\u0103,<br \/>\n\u00een special a persoanelor vulnerabile.<\/p>\n<p><a href=\"\/upload\/15091\/Informare_Management_de_caz.pdf\">Informare_Management_de_caz.pdf<\/a> <\/p>\n","protected":false},"excerpt":{"rendered":"<p><\/p>\n","protected":false},"author":0,"featured_media":0,"comment_status":"closed","ping_status":"closed","sticky":false,"template":"","format":"standard","meta":{"footnotes":""},"categories":[16],"tags":[],"class_list":["post-285","post","type-post","status-publish","format-standard","hentry","category-materiale-informative"],"_links":{"self":[{"href":"https:\/\/www.anofm.ro\/prahova\/wp-json\/wp\/v2\/posts\/285","targetHints":{"allow":["GET"]}}],"collection":[{"href":"https:\/\/www.anofm.ro\/prahova\/wp-json\/wp\/v2\/posts"}],"about":[{"href":"https:\/\/www.anofm.ro\/prahova\/wp-json\/wp\/v2\/types\/post"}],"replies":[{"embeddable":true,"href":"https:\/\/www.anofm.ro\/prahova\/wp-json\/wp\/v2\/comments?post=285"}],"version-history":[{"count":0,"href":"https:\/\/www.anofm.ro\/prahova\/wp-json\/wp\/v2\/posts\/285\/revisions"}],"wp:attachment":[{"href":"https:\/\/www.anofm.ro\/prahova\/wp-json\/wp\/v2\/media?parent=285"}],"wp:term":[{"taxonomy":"category","embeddable":true,"href":"https:\/\/www.anofm.ro\/prahova\/wp-json\/wp\/v2\/categories?post=285"},{"taxonomy":"post_tag","embeddable":true,"href":"https:\/\/www.anofm.ro\/prahova\/wp-json\/wp\/v2\/tags?post=285"}],"curies":[{"name":"wp","href":"https:\/\/api.w.org\/{rel}","templated":true}]}}