{"id":6657,"date":"2026-04-30T12:14:38","date_gmt":"2026-04-30T09:14:38","guid":{"rendered":"https:\/\/www.anofm.ro\/olt\/?p=6657"},"modified":"2026-04-30T12:14:38","modified_gmt":"2026-04-30T09:14:38","slug":"comunicat-de-presa-605-rata-somajului-inregistrat-in-evidentele-ajofm-olt-in-luna-martie-2026","status":"publish","type":"post","link":"https:\/\/www.anofm.ro\/olt\/comunicat-de-presa-605-rata-somajului-inregistrat-in-evidentele-ajofm-olt-in-luna-martie-2026\/","title":{"rendered":"comunicat de presa &#8211; 6,05 % &#8211; rata \u015fomajului \u00eenregistrat \u00een eviden\u0163ele AJOFM Olt \u00een luna martie 2026"},"content":{"rendered":"\n<div data-wp-interactive=\"core\/file\" class=\"wp-block-file\"><object data-wp-bind--hidden=\"!state.hasPdfPreview\" hidden class=\"wp-block-file__embed\" data=\"https:\/\/www.anofm.ro\/olt\/wp-content\/uploads\/sites\/32\/2026\/04\/comunicat-de-presa-605-rata-somajului-inregistrat-in-evidentele-AJOFM-Olt-in-luna-martie-2026.pdf\" type=\"application\/pdf\" style=\"width:100%;height:200px\" aria-label=\"\u00cenglobare pentru comunicat de presa - 6,05 % - rata \u015fomajului \u00eenregistrat \u00een eviden\u0163ele AJOFM Olt \u00een luna martie 2026.\"><\/object><a id=\"wp-block-file--media-9fdd4a73-5087-4d68-a659-ef862d1d1bd9\" href=\"https:\/\/www.anofm.ro\/olt\/wp-content\/uploads\/sites\/32\/2026\/04\/comunicat-de-presa-605-rata-somajului-inregistrat-in-evidentele-AJOFM-Olt-in-luna-martie-2026.pdf\">comunicat de presa &#8211; 6,05 % &#8211; rata \u015fomajului \u00eenregistrat \u00een eviden\u0163ele AJOFM Olt \u00een luna martie 2026<\/a><a href=\"https:\/\/www.anofm.ro\/olt\/wp-content\/uploads\/sites\/32\/2026\/04\/comunicat-de-presa-605-rata-somajului-inregistrat-in-evidentele-AJOFM-Olt-in-luna-martie-2026.pdf\" class=\"wp-block-file__button wp-element-button\" download aria-describedby=\"wp-block-file--media-9fdd4a73-5087-4d68-a659-ef862d1d1bd9\">Descarc\u0103<\/a><\/div>\n","protected":false},"excerpt":{"rendered":"<p> 6,05 % &#8211; rata \u015fomajului \u00eenregistrat \u00een eviden\u0163ele AJOFM Olt \u00een luna martie 2026<\/p>\n","protected":false},"author":158,"featured_media":6658,"comment_status":"closed","ping_status":"closed","sticky":false,"template":"","format":"standard","meta":{"footnotes":""},"categories":[9],"tags":[],"class_list":["post-6657","post","type-post","status-publish","format-standard","has-post-thumbnail","hentry","category-comunicate-de-presa"],"_links":{"self":[{"href":"https:\/\/www.anofm.ro\/olt\/wp-json\/wp\/v2\/posts\/6657","targetHints":{"allow":["GET"]}}],"collection":[{"href":"https:\/\/www.anofm.ro\/olt\/wp-json\/wp\/v2\/posts"}],"about":[{"href":"https:\/\/www.anofm.ro\/olt\/wp-json\/wp\/v2\/types\/post"}],"author":[{"embeddable":true,"href":"https:\/\/www.anofm.ro\/olt\/wp-json\/wp\/v2\/users\/158"}],"replies":[{"embeddable":true,"href":"https:\/\/www.anofm.ro\/olt\/wp-json\/wp\/v2\/comments?post=6657"}],"version-history":[{"count":1,"href":"https:\/\/www.anofm.ro\/olt\/wp-json\/wp\/v2\/posts\/6657\/revisions"}],"predecessor-version":[{"id":6660,"href":"https:\/\/www.anofm.ro\/olt\/wp-json\/wp\/v2\/posts\/6657\/revisions\/6660"}],"wp:featuredmedia":[{"embeddable":true,"href":"https:\/\/www.anofm.ro\/olt\/wp-json\/wp\/v2\/media\/6658"}],"wp:attachment":[{"href":"https:\/\/www.anofm.ro\/olt\/wp-json\/wp\/v2\/media?parent=6657"}],"wp:term":[{"taxonomy":"category","embeddable":true,"href":"https:\/\/www.anofm.ro\/olt\/wp-json\/wp\/v2\/categories?post=6657"},{"taxonomy":"post_tag","embeddable":true,"href":"https:\/\/www.anofm.ro\/olt\/wp-json\/wp\/v2\/tags?post=6657"}],"curies":[{"name":"wp","href":"https:\/\/api.w.org\/{rel}","templated":true}]}}