{"id":6449,"date":"2026-02-27T12:10:45","date_gmt":"2026-02-27T10:10:45","guid":{"rendered":"https:\/\/www.anofm.ro\/olt\/?p=6449"},"modified":"2026-02-27T12:10:45","modified_gmt":"2026-02-27T10:10:45","slug":"4-programe-de-formare-profesionala-vor-incepe-in-luna-martie-2026-la-nivel-judetean","status":"publish","type":"post","link":"https:\/\/www.anofm.ro\/olt\/4-programe-de-formare-profesionala-vor-incepe-in-luna-martie-2026-la-nivel-judetean\/","title":{"rendered":"4 programe de formare profesional\u0103 vor \u00eencepe \u00een luna martie 2026, la nivel jude\u0163ean"},"content":{"rendered":"\n<div data-wp-interactive=\"core\/file\" class=\"wp-block-file\"><object data-wp-bind--hidden=\"!state.hasPdfPreview\" hidden class=\"wp-block-file__embed\" data=\"https:\/\/www.anofm.ro\/olt\/wp-content\/uploads\/sites\/32\/2026\/02\/comunicat-de-presa-4-programe-de-formare-profesionala-vor-incepe-in-luna-martie-2026-la-nivel-judetean-1.pdf\" type=\"application\/pdf\" style=\"width:100%;height:200px\" aria-label=\"\u00cenglobare pentru comunicat de presa - 4 programe de formare profesional\u0103 vor \u00eencepe \u00een luna martie  2026, la nivel jude\u0163ean.\"><\/object><a id=\"wp-block-file--media-df2dfb1c-4f6e-4dd4-a3e5-bb2fdb71cb03\" href=\"https:\/\/www.anofm.ro\/olt\/wp-content\/uploads\/sites\/32\/2026\/02\/comunicat-de-presa-4-programe-de-formare-profesionala-vor-incepe-in-luna-martie-2026-la-nivel-judetean-1.pdf\">comunicat de presa &#8211; 4 programe de formare profesional\u0103 vor \u00eencepe \u00een luna martie  2026, la nivel jude\u0163ean<\/a><a href=\"https:\/\/www.anofm.ro\/olt\/wp-content\/uploads\/sites\/32\/2026\/02\/comunicat-de-presa-4-programe-de-formare-profesionala-vor-incepe-in-luna-martie-2026-la-nivel-judetean-1.pdf\" class=\"wp-block-file__button wp-element-button\" download aria-describedby=\"wp-block-file--media-df2dfb1c-4f6e-4dd4-a3e5-bb2fdb71cb03\">Descarc\u0103<\/a><\/div>\n","protected":false},"excerpt":{"rendered":"<p> 4 programe de formare profesional\u0103 vor \u00eencepe \u00een luna martie  2026, la nivel jude\u0163ean<\/p>\n","protected":false},"author":158,"featured_media":6442,"comment_status":"closed","ping_status":"closed","sticky":false,"template":"","format":"standard","meta":{"footnotes":""},"categories":[32,31],"tags":[],"class_list":["post-6449","post","type-post","status-publish","format-standard","has-post-thumbnail","hentry","category-ultimele-noutati","category-ultimele-noutati-slider"],"_links":{"self":[{"href":"https:\/\/www.anofm.ro\/olt\/wp-json\/wp\/v2\/posts\/6449","targetHints":{"allow":["GET"]}}],"collection":[{"href":"https:\/\/www.anofm.ro\/olt\/wp-json\/wp\/v2\/posts"}],"about":[{"href":"https:\/\/www.anofm.ro\/olt\/wp-json\/wp\/v2\/types\/post"}],"author":[{"embeddable":true,"href":"https:\/\/www.anofm.ro\/olt\/wp-json\/wp\/v2\/users\/158"}],"replies":[{"embeddable":true,"href":"https:\/\/www.anofm.ro\/olt\/wp-json\/wp\/v2\/comments?post=6449"}],"version-history":[{"count":1,"href":"https:\/\/www.anofm.ro\/olt\/wp-json\/wp\/v2\/posts\/6449\/revisions"}],"predecessor-version":[{"id":6451,"href":"https:\/\/www.anofm.ro\/olt\/wp-json\/wp\/v2\/posts\/6449\/revisions\/6451"}],"wp:featuredmedia":[{"embeddable":true,"href":"https:\/\/www.anofm.ro\/olt\/wp-json\/wp\/v2\/media\/6442"}],"wp:attachment":[{"href":"https:\/\/www.anofm.ro\/olt\/wp-json\/wp\/v2\/media?parent=6449"}],"wp:term":[{"taxonomy":"category","embeddable":true,"href":"https:\/\/www.anofm.ro\/olt\/wp-json\/wp\/v2\/categories?post=6449"},{"taxonomy":"post_tag","embeddable":true,"href":"https:\/\/www.anofm.ro\/olt\/wp-json\/wp\/v2\/tags?post=6449"}],"curies":[{"name":"wp","href":"https:\/\/api.w.org\/{rel}","templated":true}]}}