{"id":6384,"date":"2026-01-29T11:10:44","date_gmt":"2026-01-29T09:10:44","guid":{"rendered":"https:\/\/www.anofm.ro\/olt\/?p=6384"},"modified":"2026-01-29T11:10:44","modified_gmt":"2026-01-29T09:10:44","slug":"comunicat-de-presa-3-programe-de-formare-profesionala-vor-incepe-in-luna-februarie-2026-la-nivel-judetean-2","status":"publish","type":"post","link":"https:\/\/www.anofm.ro\/olt\/comunicat-de-presa-3-programe-de-formare-profesionala-vor-incepe-in-luna-februarie-2026-la-nivel-judetean-2\/","title":{"rendered":"comunicat de presa &#8211; 3 programe de formare profesional\u0103 vor \u00eencepe \u00een luna februarie 2026, la nivel jude\u0163ean"},"content":{"rendered":"\n<div data-wp-interactive=\"core\/file\" class=\"wp-block-file\"><object data-wp-bind--hidden=\"!state.hasPdfPreview\" hidden class=\"wp-block-file__embed\" data=\"https:\/\/www.anofm.ro\/olt\/wp-content\/uploads\/sites\/32\/2026\/01\/comunicat-de-presa-3-programe-de-formare-profesionala-vor-incepe-in-luna-februarie-2026-la-nivel-judetean-1.pdf\" type=\"application\/pdf\" style=\"width:100%;height:200px\" aria-label=\"\u00cenglobare pentru comunicat de presa - 3 programe de formare profesional\u0103 vor \u00eencepe \u00een luna februarie  2026, la nivel jude\u0163ean.\"><\/object><a id=\"wp-block-file--media-872070e3-1764-4ae5-a5b5-6e67eeae4876\" href=\"https:\/\/www.anofm.ro\/olt\/wp-content\/uploads\/sites\/32\/2026\/01\/comunicat-de-presa-3-programe-de-formare-profesionala-vor-incepe-in-luna-februarie-2026-la-nivel-judetean-1.pdf\">comunicat de presa &#8211; 3 programe de formare profesional\u0103 vor \u00eencepe \u00een luna februarie  2026, la nivel jude\u0163ean<\/a><a href=\"https:\/\/www.anofm.ro\/olt\/wp-content\/uploads\/sites\/32\/2026\/01\/comunicat-de-presa-3-programe-de-formare-profesionala-vor-incepe-in-luna-februarie-2026-la-nivel-judetean-1.pdf\" class=\"wp-block-file__button wp-element-button\" download aria-describedby=\"wp-block-file--media-872070e3-1764-4ae5-a5b5-6e67eeae4876\">Descarc\u0103<\/a><\/div>\n","protected":false},"excerpt":{"rendered":"<p> 3 programe de formare profesional\u0103 vor \u00eencepe \u00een luna februarie  2026, la nivel jude\u0163ean<\/p>\n","protected":false},"author":158,"featured_media":6381,"comment_status":"closed","ping_status":"closed","sticky":false,"template":"","format":"standard","meta":{"footnotes":""},"categories":[32],"tags":[],"class_list":["post-6384","post","type-post","status-publish","format-standard","has-post-thumbnail","hentry","category-ultimele-noutati"],"_links":{"self":[{"href":"https:\/\/www.anofm.ro\/olt\/wp-json\/wp\/v2\/posts\/6384","targetHints":{"allow":["GET"]}}],"collection":[{"href":"https:\/\/www.anofm.ro\/olt\/wp-json\/wp\/v2\/posts"}],"about":[{"href":"https:\/\/www.anofm.ro\/olt\/wp-json\/wp\/v2\/types\/post"}],"author":[{"embeddable":true,"href":"https:\/\/www.anofm.ro\/olt\/wp-json\/wp\/v2\/users\/158"}],"replies":[{"embeddable":true,"href":"https:\/\/www.anofm.ro\/olt\/wp-json\/wp\/v2\/comments?post=6384"}],"version-history":[{"count":1,"href":"https:\/\/www.anofm.ro\/olt\/wp-json\/wp\/v2\/posts\/6384\/revisions"}],"predecessor-version":[{"id":6386,"href":"https:\/\/www.anofm.ro\/olt\/wp-json\/wp\/v2\/posts\/6384\/revisions\/6386"}],"wp:featuredmedia":[{"embeddable":true,"href":"https:\/\/www.anofm.ro\/olt\/wp-json\/wp\/v2\/media\/6381"}],"wp:attachment":[{"href":"https:\/\/www.anofm.ro\/olt\/wp-json\/wp\/v2\/media?parent=6384"}],"wp:term":[{"taxonomy":"category","embeddable":true,"href":"https:\/\/www.anofm.ro\/olt\/wp-json\/wp\/v2\/categories?post=6384"},{"taxonomy":"post_tag","embeddable":true,"href":"https:\/\/www.anofm.ro\/olt\/wp-json\/wp\/v2\/tags?post=6384"}],"curies":[{"name":"wp","href":"https:\/\/api.w.org\/{rel}","templated":true}]}}